{"1045412":{"titulo":"Juventude ter\u00e1 retorno importante para encarar o Flamengo","link":"https:\/\/www.futebolinterior.com.br\/juventude-tera-retorno-importante-para-encarar-o-flamengo\/","chapeu":"REFOR\u00c7O","data":"25\/06\/2021","imagem":"https:\/\/images.futebolinterior.com.br\/2021\/06\/60b2cbfcc9567-300x169.jpeg","resumo":""},"1045413":{"titulo":"STJD pune Paulo Autuori e Athletico ter\u00e1 t\u00e9cnico da base contra Chapecoense","link":"https:\/\/www.futebolinterior.com.br\/stjd-pune-paulo-autuori-e-athletico-tera-tecnico-da-base-contra-chapecoense\/","chapeu":"PROBLEMA?","data":"25\/06\/2021","imagem":"https:\/\/images.futebolinterior.com.br\/2021\/06\/antonio-300x167.jpg","resumo":""},"1045397":{"titulo":"Fluminense rescinde com dois e volante assina em definitivo com o Botafogo-SP","link":"https:\/\/www.futebolinterior.com.br\/fluminense-rescinde-com-dois-e-volante-assina-em-definitivo-com-o-botafogo-sp\/","chapeu":"DE SA\u00cdDA","data":"25\/06\/2021","imagem":"https:\/\/images.futebolinterior.com.br\/2021\/06\/Screenshot_13-300x199.png","resumo":""},"1045362":{"titulo":"Zagueiro revelado pelo Flamengo \u00e9 emprestado pra time franc\u00eas","link":"https:\/\/www.futebolinterior.com.br\/zagueiro-revelado-pelo-flamengo-e-emprestado-pra-time-frances\/","chapeu":"NOVOS ARES","data":"25\/06\/2021","imagem":"https:\/\/images.futebolinterior.com.br\/2021\/06\/Thuler-300x160.png","resumo":"Thuler, de apenas 22 anos \u00e9 o novo refor\u00e7o do Montpellier"},"1045305":{"titulo":"Jogadores do Santos participam de campanha solid\u00e1ria e sorteiam camisa autografada pelo Pel\u00e9","link":"https:\/\/www.futebolinterior.com.br\/jogadores-do-santos-participam-de-campanha-solidaria-e-sorteiam-camisa-autografada-pelo-pele\/","chapeu":"SE LIGA!","data":"25\/06\/2021","imagem":"https:\/\/images.futebolinterior.com.br\/2021\/06\/Divulgacao-1-300x225.jpeg","resumo":""},"1045288":{"titulo":"S\u00e9rie B: Atacante confia em vit\u00f3ria do Goi\u00e1s diante do Vila Nova: \u2018Vamos entrar focados\u2019","link":"https:\/\/www.futebolinterior.com.br\/serie-b-atacante-confia-em-vitoria-do-goias-diante-do-vila-nova-vamos-entrar-focados\/","chapeu":"OTIMISTA!","data":"25\/06\/2021","imagem":"https:\/\/images.futebolinterior.com.br\/2021\/06\/ALEF-300x200.jpg","resumo":""},"1045280":{"titulo":"For\u00e7a do interior! Apenas um clube do Brasileir\u00e3o segue invicto na edi\u00e7\u00e3o 2021","link":"https:\/\/www.futebolinterior.com.br\/forca-do-interior-apenas-um-clube-do-brasileirao-segue-invicto-na-edicao-2021\/","chapeu":"SURPRESA?","data":"25\/06\/2021","imagem":"https:\/\/images.futebolinterior.com.br\/2021\/06\/BragaxPal_AriFerreira_02_ori-300x205.jpg","resumo":"Ao ganhar do Palmeiras por 3 a 1, o RB Braga assumiu a lideran\u00e7a de forma provis\u00f3ria com 14 pontos"},"1045266":{"titulo":"Red Bull Bragantino tenta a contrata\u00e7\u00e3o de atacante do Gr\u00eamio","link":"https:\/\/www.futebolinterior.com.br\/red-bull-bragantino-tenta-a-contratacao-de-atacante-do-gremio\/","chapeu":"DE OLHO","data":"25\/06\/2021","imagem":"https:\/\/images.futebolinterior.com.br\/2021\/06\/Screenshot-2021-06-25-at-10-19-36-Bragantino-faz-sondagem-e-tenta-emprestimo-de-Guilherme-Azevedo-mas-Gremio-resiste-300x200.png","resumo":""},"1045264":{"titulo":"Ex-Ponte e Corinthians, zagueiro se diz 'tra\u00eddo e humilhado' no Santos","link":"https:\/\/www.futebolinterior.com.br\/ex-ponte-e-corinthians-zagueiro-se-diz-traido-e-humilhado-no-santos\/","chapeu":"COMPLICADO!","data":"25\/06\/2021","imagem":"https:\/\/images.futebolinterior.com.br\/2021\/06\/cleber-300x130.jpg","resumo":""},"1045259":{"titulo":"Atacante da Chape se desculpa ap\u00f3s 'momento de f\u00faria' em jogo contra o Inter","link":"https:\/\/www.futebolinterior.com.br\/atacante-da-chape-se-desculpa-apos-momento-de-furia-em-jogo-contra-o-inter\/","chapeu":"CONFUS\u00c3O","data":"25\/06\/2021","imagem":"https:\/\/images.futebolinterior.com.br\/2021\/06\/bruno-300x155.png","resumo":""}}