{"1045900":{"titulo":"S\u00e9rgio Carvalho: Palmeiras \u00e9 o paulista que ter\u00e1 vida f\u00e1cil na s\u00e9tima rodada. PROJE\u00c7\u00d5ES!","link":"https:\/\/www.futebolinterior.com.br\/sergio-carvalho-palmeiras-e-o-paulista-que-tera-vida-facil-na-setima-rodada-projecoes\/","chapeu":"AN\u00c1LISE","data":"26\/06\/2021","imagem":"https:\/\/images.futebolinterior.com.br\/2021\/06\/Palmeiras-300x199.jpg","resumo":"Dos cinco paulistas na S\u00e9rie A, o Palmeiras \u00e9 quem tem advers\u00e1rio mais tranquilo nesta rodada"},"1045879":{"titulo":"Com suspeita de covid-19, t\u00e9cnico desfalca o S\u00e3o Paulo no Cear\u00e1","link":"https:\/\/www.futebolinterior.com.br\/com-suspeita-de-covid-19-tecnico-desfalca-o-sao-paulo-no-ceara\/","chapeu":"BAIXA","data":"26\/06\/2021","imagem":"https:\/\/images.futebolinterior.com.br\/2021\/06\/Crespo-300x189.jpeg","resumo":"Treinador foi afastado por protocolo de seguran\u00e7a do S\u00e3o Paulo para o jogo do final de semana"},"1045854":{"titulo":"S\u00e3o Paulo acerta amplia\u00e7\u00e3o do contrato com zagueiro at\u00e9 dezembro de 2024","link":"https:\/\/www.futebolinterior.com.br\/sao-paulo-acerta-ampliacao-do-contrato-com-zagueiro-ate-dezembro-de-2024\/","chapeu":"RENOVOU","data":"26\/06\/2021","imagem":"https:\/\/images.futebolinterior.com.br\/2021\/06\/Leo-SP-300x193.jpg","resumo":"L\u00e9o teve seu v\u00ednculo renovado at\u00e9 2024 com o time do Morumbi"},"1045851":{"titulo":"Copa Am\u00e9rica: Tite convoca zagueiro do Bragantino para vaga de Felipe na sele\u00e7\u00e3o brasileira","link":"https:\/\/www.futebolinterior.com.br\/copa-america-tite-convoca-zagueiro-do-bragantino-para-vaga-de-felipe-na-selecao-brasileira\/","chapeu":"SURPRESA","data":"26\/06\/2021","imagem":"https:\/\/images.futebolinterior.com.br\/2021\/06\/Leo-Ortiz-300x175.jpg","resumo":"Jogador atuar\u00e1 pelo Bragantino na segunda-feira e em seguida se juntar\u00e1 \u00e0 sele\u00e7\u00e3o brasileira"},"1045754":{"titulo":"Palmeiras decide renovar contrato de Raphael Veiga at\u00e9 dezembro de 2024","link":"https:\/\/www.futebolinterior.com.br\/palmeiras-decide-renovar-contrato-de-raphael-veiga-ate-dezembro-de-2024\/","chapeu":"ELE FICA","data":"25\/06\/2021","imagem":"https:\/\/images.futebolinterior.com.br\/2021\/06\/E4WBHIeWYAQU_4Z-300x300.jpg","resumo":""},"1045738":{"titulo":"Luto!! Presidente hist\u00f3rico do Tupi-MG falece em S\u00e3o Paulo","link":"https:\/\/www.futebolinterior.com.br\/luto-presidente-historico-do-tupi-mg-falece-em-sao-paulo\/","chapeu":"LUTO","data":"25\/06\/2021","imagem":"https:\/\/images.futebolinterior.com.br\/2021\/06\/WhatsApp-Image-2021-06-25-at-22.29.54-300x211.jpeg","resumo":""},"1045689":{"titulo":"Cuca se desculpa com \u00e1rbitro por cham\u00e1-lo de 'vagabundo' em rev\u00e9s do Atl\u00e9tico-MG","link":"https:\/\/www.futebolinterior.com.br\/cuca-se-desculpa-com-arbitro-por-chama-lo-de-vagabundo-em-reves-do-atletico-mg\/","chapeu":"PEDIU DESCULPA","data":"25\/06\/2021","imagem":"https:\/\/images.futebolinterior.com.br\/2021\/06\/E4r-kCmXwAIcIMX-300x169.jpg","resumo":""},"1045672":{"titulo":"Bolsonaro visita Arena Cond\u00e1, bate p\u00eanalti e acompanha amistoso da Chapecoense","link":"https:\/\/www.futebolinterior.com.br\/bolsonaro-visita-arena-conda-bate-penalti-e-acompanha-amistoso-da-chapecoense\/","chapeu":"VISITA ILUSTRE","data":"25\/06\/2021","imagem":"https:\/\/images.futebolinterior.com.br\/2021\/06\/E4woUt_XoAYiK1I-300x200.jpg","resumo":""},"1045512":{"titulo":"BRASILEIR\u00c3O: RB quer manter lideran\u00e7a, Palmeiras busca G4 e Santos quer embalar","link":"https:\/\/www.futebolinterior.com.br\/brasileirao-rb-quer-manter-lideranca-palmeiras-busca-g4-e-santos-quer-embalar\/","chapeu":"MUITOS JOGOS","data":"25\/06\/2021","imagem":"https:\/\/images.futebolinterior.com.br\/2021\/06\/RBb-300x194.png","resumo":"Rodada tem nove jogos no domingo e um na segunda-feira"},"1045509":{"titulo":"Vagner Mancini ser\u00e1 obrigado a mexer no Am\u00e9rica para jogo contra o Internacional","link":"https:\/\/www.futebolinterior.com.br\/vagner-mancini-sera-obrigado-a-mexer-no-america-para-jogo-contra-o-internacional\/","chapeu":"FAZ PARTE!","data":"25\/06\/2021","imagem":"https:\/\/images.futebolinterior.com.br\/2021\/06\/mancini-300x200.jpg","resumo":""}}