{"1046599":{"titulo":"Athletico-PR 2 x 2 Chapecoense - Furac\u00e3o leva empate aos 48 e fica sem a lideran\u00e7a do Brasileir\u00e3o","link":"https:\/\/www.futebolinterior.com.br\/athletico-pr-2-x-2-chapecoense-furacao-leva-empate-aos-48-e-fica-sem-a-lideranca-do-brasileirao\/","chapeu":"MANCADA!","data":"27\/06\/2021","imagem":"https:\/\/images.futebolinterior.com.br\/2021\/06\/AthlxChape_GustavoOliveira_02_ori-300x167.jpg","resumo":"Athletico, que comemorou os gols de Khellven e Thiago Heleno, reassumiu a lideran\u00e7a com 15 pontos"},"1046490":{"titulo":"Atacante celebra bom momento no Corinthians e lembra morte do pai","link":"https:\/\/www.futebolinterior.com.br\/atacante-celebra-bom-momento-no-corinthians-e-lembra-morte-do-pai\/","chapeu":"BATE ASAS","data":"27\/06\/2021","imagem":"https:\/\/images.futebolinterior.com.br\/2021\/06\/mosquto-300x203.jpg","resumo":"Mosquito participou de quase todos os gols que o Corinthians marcou sob o comando de Sylvinho"},"1046475":{"titulo":"Ap\u00f3s primeiro gol pelo Fluminense, Cazares n\u00e3o comemora: \u201cTem que respeitar\u201d","link":"https:\/\/www.futebolinterior.com.br\/apos-primeiro-gol-pelo-fluminense-cazares-nao-comemora-tem-que-respeitar\/","chapeu":"MEUS AMIGOS . . .","data":"27\/06\/2021","imagem":"https:\/\/images.futebolinterior.com.br\/2021\/06\/gol.cazares-e1624830148212-300x160.jpg","resumo":"O meia equatoriano n\u00e3o quis comemorar gol em cima dos 'amigos' corintianos."},"1046428":{"titulo":"Fluminense 1 x 1 Corinthians - Tim\u00e3o n\u00e3o aproveitou por ter um jogador a mais","link":"https:\/\/www.futebolinterior.com.br\/fluminense-1-x-1-corinthians-timao-nao-aproveitou-por-ter-um-jogador-a-mais\/","chapeu":"PERDEU CHANCES","data":"27\/06\/2021","imagem":"https:\/\/images.futebolinterior.com.br\/2021\/06\/fluminense.gol_.-e1624828139376-300x229.jpg","resumo":"Abel Hern\u00e1ndez foi expulso no come\u00e7o do segundo tempo."},"1046325":{"titulo":"Ap\u00f3s oito meses, Thiago Maia lamenta retorno aos gramados com derrota do Flamengo","link":"https:\/\/www.futebolinterior.com.br\/apos-oito-meses-thiago-maia-lamenta-retorno-aos-gramados-com-derrota-do-flamengo\/","chapeu":"RETORNO","data":"27\/06\/2021","imagem":"https:\/\/images.futebolinterior.com.br\/2021\/06\/Thiago-Maia-300x200.jpg","resumo":"Thiago Maia retornou aos gramados ap\u00f3s 8 meses, mas com derrota pelo Flamengo"},"1046313":{"titulo":"Juventude 1 x 0 Flamengo - Gramado pesado favorece e Ju surpreende o Meng\u00e3o","link":"https:\/\/www.futebolinterior.com.br\/juventude-1-x-0-flamengo-gramado-pesado-favorece-e-ju-surpreende-o-mengao\/","chapeu":"EXCELENTE","data":"27\/06\/2021","imagem":"https:\/\/images.futebolinterior.com.br\/2021\/06\/Flamengo-300x196.jpg","resumo":"Chuva em Caxias do Sul castigou o gramado e ajudou o Juventude a vencer o Flamengo"},"1046302":{"titulo":"Atl\u00e9tico-GO x RB Bragantino - Massa Bruta busca 4\u00aa vit\u00f3ria seguida e se manter na lideran\u00e7a","link":"https:\/\/www.futebolinterior.com.br\/atletico-go-x-rb-bragantino-massa-bruta-busca-4a-vitoria-seguida-e-se-manter-na-lideranca\/","chapeu":"JOG\u00c3O","data":"27\/06\/2021","imagem":"https:\/\/images.futebolinterior.com.br\/2021\/06\/rb-300x200.jpeg","resumo":"Red Bull Bragantino ainda n\u00e3o perdeu no campeonato e quer seguir no topo da classifica\u00e7\u00e3o"},"1046226":{"titulo":"S\u00e3o Paulo confirma teste positivo de Hern\u00e1n Crespo para covid-19","link":"https:\/\/www.futebolinterior.com.br\/sao-paulo-confirma-teste-positivo-de-hernan-crespo-para-covid-19\/","chapeu":"DEU RUIM!","data":"26\/06\/2021","imagem":"https:\/\/images.futebolinterior.com.br\/2021\/06\/samuel-300x200.jpg","resumo":""},"1046197":{"titulo":"Cear\u00e1 x S\u00e3o Paulo - Arrancar ou desencantar no Brasileir\u00e3o?","link":"https:\/\/www.futebolinterior.com.br\/ceara-x-sao-paulo-arrancar-ou-desencantar-no-brasileirao\/","chapeu":"\u00c9 AGORA?","data":"26\/06\/2021","imagem":"https:\/\/images.futebolinterior.com.br\/2021\/06\/Ceara-SaoPaulo-590x368-1-300x187.jpg","resumo":""},"1046147":{"titulo":"Am\u00e9rica-MG x Internacional - O Coelho sair\u00e1 da Toca?","link":"https:\/\/www.futebolinterior.com.br\/america-mg-x-internacional-o-coelho-saira-da-toca\/","chapeu":"BRIGA BOA!","data":"26\/06\/2021","imagem":"https:\/\/images.futebolinterior.com.br\/2021\/06\/Pkk17AKK-inter-300x200.jpg","resumo":""}}