{"2310456":{"titulo":"Sousa ganha refor\u00e7o importante com retorno de Bruno Fuso","link":"https:\/\/www.futebolinterior.com.br\/sousa-ganha-reforco-importante-com-retorno-de-bruno-fuso\/","chapeu":"RECUPERADO","data":"11\/07\/2025","imagem":"https:\/\/images.futebolinterior.com.br\/2025\/07\/IMG_1950-300x217.webp","resumo":""},"2310463":{"titulo":"S\u00e9rie D: Mixto est\u00e1 bem servido no gol e conta com goleiro rio-pretense","link":"https:\/\/www.futebolinterior.com.br\/goleiro-mixto-bom-trabalho-serie-d\/","chapeu":"PARED\u00c3O","data":"11\/07\/2025","imagem":"https:\/\/images.futebolinterior.com.br\/2025\/07\/vFQdHyRy-image-300x177.webp","resumo":"Com o resultado, a equipe alcan\u00e7ou os 19 pontos e aparece no G4 do Grupo A5, dentro da zona de classifica\u00e7\u00e3o para a segunda fase da competi\u00e7\u00e3o"},"2310451":{"titulo":"Novo t\u00e9cnico do \u00c1gua Santa fala sobre os planos: meta \u00e9 conquistar o acesso","link":"https:\/\/www.futebolinterior.com.br\/tecnico-agua-santa-fala-sobre-serie-d-4\/","chapeu":"QUER CLASSIFICA\u00c7\u00c3O","data":"11\/07\/2025","imagem":"https:\/\/images.futebolinterior.com.br\/2025\/07\/image-281x300.webp","resumo":"A equipe ocupa a 4\u00aa coloca\u00e7\u00e3o do Grupo A6, com 15 pontos em 11 rodadas, e ainda tem tr\u00eas jogos a disputar. At\u00e9 o momento, soma quatro vit\u00f3rias, tr\u00eas empates e quatro derrotas"},"2310435":{"titulo":"Treze perde dois atletas antes de decis\u00e3o contra o Sousa","link":"https:\/\/www.futebolinterior.com.br\/treze-perde-dois-atletas-antes-de-decisao-contra-o-sousa\/","chapeu":"SA\u00cdDAS ","data":"11\/07\/2025","imagem":"https:\/\/images.futebolinterior.com.br\/2025\/07\/IMG_1949-300x169.webp","resumo":""},"2310438":{"titulo":"Janela de transfer\u00eancias abre no Brasil; confira regras e prazos","link":"https:\/\/www.futebolinterior.com.br\/como-funciona-janela-de-transferencias\/","chapeu":"COMO FUNCIONA","data":"11\/07\/2025","imagem":"https:\/\/images.futebolinterior.com.br\/2025\/07\/image-300x196.webp","resumo":"Clubes brasileiros j\u00e1 aproveitaram essa brecha no passado, como o Internacional, que contratou Vit\u00e3o e Alan Patrick, e o Corinthians, que repatriou Yuri Alberto"},"2310428":{"titulo":"S\u00e9rie D: Portuguesa convoca torcedores para o duelo com o \u00c1gua Santa","link":"https:\/\/www.futebolinterior.com.br\/portuguesa-convoca-torcida-serie-d\/","chapeu":"PREPARA\u00c7\u00c3O","data":"11\/07\/2025","imagem":"https:\/\/images.futebolinterior.com.br\/2025\/07\/BA6j2wYv-image-300x182.webp","resumo":"Vivendo um clima de decis\u00e3o, o elenco intensificou a prepara\u00e7\u00e3o ao longo da semana. Com mais de 100 jogos pelo clube, o volante Tau\u00e3 destacou o papel fundamental da torcida"},"2310417":{"titulo":"Esquerdinha mira gol no jogo 100 pelo Altos e sonha com acesso","link":"https:\/\/www.futebolinterior.com.br\/esquerdinha-mira-gol-no-jogo-100-pelo-altos-e-sonha-com-acesso\/","chapeu":"MARCA","data":"11\/07\/2025","imagem":"https:\/\/images.futebolinterior.com.br\/2025\/07\/IMG_1948-300x168.webp","resumo":""},"2310409":{"titulo":"S\u00e9rie D: Embora classificada, Inter de Limeira foca no jogo contra o Monte Azul","link":"https:\/\/www.futebolinterior.com.br\/tecnico-inter-de-limeira-fala-serie-d-6\/","chapeu":"PRA CIMA","data":"11\/07\/2025","imagem":"https:\/\/images.futebolinterior.com.br\/2025\/07\/j2u8BW0W-image-300x226.webp","resumo":"O Le\u00e3o volta suas aten\u00e7\u00f5es para o confronto deste s\u00e1bado (12), contra o Atl\u00e9tico Monte Azul, \u00e0s 15h, no Est\u00e1dio Otac\u00edlia Patr\u00edcio Arroyo"},"2310406":{"titulo":"Betinho projeta confronto com Altos e alerta: \u201cGramado alto exige aten\u00e7\u00e3o at\u00e9 o fim\u201d","link":"https:\/\/www.futebolinterior.com.br\/betinho-projeta-confronto-com-altos-e-alerta-gramado-alto-exige-atencao-ate-o-fim\/","chapeu":"PREPARA\u00c7\u00c3O ","data":"11\/07\/2025","imagem":"https:\/\/images.futebolinterior.com.br\/2025\/07\/IMG_1947-300x150.webp","resumo":""},"2310195":{"titulo":"Paysandu tem interesse em contratar volante da Aparecidense","link":"https:\/\/www.futebolinterior.com.br\/paysandu-interesse-volante-aparecidense\/","chapeu":"NEGOCIANDO","data":"11\/07\/2025","imagem":"https:\/\/images.futebolinterior.com.br\/2025\/07\/enzo-foto.avif","resumo":"Conforme informa\u00e7\u00f5es do N\u00facleo de Esportes de O Liberal,\u00a0o Paysandu estaria de olho no volante Enzo Bizzotto, de 22 anos, que atualmente defende o Aparecidense-GO"}}