{"2310881":{"titulo":"Portuguesa-SP x \u00c1gua Santa-SP - Lusa quer carimbar vaga na 2\u00aa fase","link":"https:\/\/www.futebolinterior.com.br\/portuguesa-e-agua-santa-pela-serie-d\/","chapeu":"DUELO PAULISTA","data":"11\/07\/2025","imagem":"https:\/\/images.futebolinterior.com.br\/2025\/07\/Geqf5Vh3-image-300x171.webp","resumo":"O time de Diadema, atualmente em quarto lugar com 15 pontos, sob o comando do rec\u00e9m-chegado t\u00e9cnico Alan Dotti, busca vencer para se manter no G4"},"2310875":{"titulo":"Monte Azul-SP x Inter de Limeira-SP - Azul\u00e3o faz o \"Jogo do ano\" pela S\u00e9rie D","link":"https:\/\/www.futebolinterior.com.br\/monte-azul-e-inter-de-limeira-serie-d\/","chapeu":"DECIS\u00c3O","data":"11\/07\/2025","imagem":"https:\/\/images.futebolinterior.com.br\/2025\/07\/t1tar0hh-image-300x189.webp","resumo":"A Inter de Limeira n\u00e3o sabe o que \u00e9 perder desde 10 de maio, quando foi derrotada por 2 a 0 pelo Cascavel, na 4\u00aa rodada. Desde ent\u00e3o, s\u00e3o sete jogos de invencibilidade"},"2310864":{"titulo":"S\u00e9rie D: Joinville pode garantir vaga antecipada no mata-mata","link":"https:\/\/www.futebolinterior.com.br\/serie-d-joinville\/","chapeu":"IMPORTANTE","data":"11\/07\/2025","imagem":"https:\/\/images.futebolinterior.com.br\/2025\/07\/SaveClip.App_516092024_18515251870063660_3768609183743771565_n-300x200.webp","resumo":"\nO Joinville tem a chance de confirmar sua vaga na pr\u00f3xima fase da S\u00e9rie D neste domingo"},"2310850":{"titulo":"Uberl\u00e2ndia-MG contrata atacante ex-Cruzeiro e Atl\u00e9tico-MG","link":"https:\/\/www.futebolinterior.com.br\/uberlandia-mg-contrata-atacante\/","chapeu":"MERCADO","data":"11\/07\/2025","imagem":"https:\/\/images.futebolinterior.com.br\/2025\/07\/SaveClip.App_518110880_18516770629055162_3496472388286584827_n-300x200.webp","resumo":"\nO Uberl\u00e2ndia confirmou mais um refor\u00e7o ao elenco para a disputa da S\u00e9rie D\n"},"2310842":{"titulo":"Sergipe contrata refor\u00e7os experientes para reta final da temporada","link":"https:\/\/www.futebolinterior.com.br\/sergipe-contrata-reforcos-experientes\/","chapeu":"MERCADO","data":"11\/07\/2025","imagem":"https:\/\/images.futebolinterior.com.br\/2025\/07\/Sergipe-Camisa-300x169.webp","resumo":"\nO Sergipe confirmou a chegada de dois refor\u00e7os para a sequ\u00eancia da temporada"},"2310756":{"titulo":"S\u00e9rie D: Itabirito-MG encaminha contrata\u00e7\u00e3o de meia experiente","link":"https:\/\/www.futebolinterior.com.br\/serie-d-itabirito-mg\/","chapeu":"MERCADO","data":"11\/07\/2025","imagem":"https:\/\/images.futebolinterior.com.br\/2025\/07\/SaveClip.App_505162903_18008297912761396_5513074736394033958_n-300x200.webp","resumo":"O Itabirito est\u00e1 perto de confirmar mais uma contrata\u00e7\u00e3o para a sequ\u00eancia da S\u00e9rie D\n"},"2310752":{"titulo":"S\u00e9rie D: T\u00e9cnico do Jequi\u00e9-BA avalia estreia com derrota e mant\u00e9m confian\u00e7a","link":"https:\/\/www.futebolinterior.com.br\/serie-d-tecnico-do-jequie\/","chapeu":"IMPORTANTE","data":"11\/07\/2025","imagem":"https:\/\/images.futebolinterior.com.br\/2025\/07\/Tecnico-Jequie-300x158.webp","resumo":"Jequi\u00e9 volta a campo neste s\u00e1bado (12) para enfrentar o Uni\u00e3o, pela S\u00e9rie D do Campeonato Brasileiro"},"2310721":{"titulo":"Marcelo Cabo nega crise no Santa Cruz e garante ambiente est\u00e1vel","link":"https:\/\/www.futebolinterior.com.br\/marcelo-cabo-santa-cruz-2\/","chapeu":"TRANQUILIDADE","data":"11\/07\/2025","imagem":"https:\/\/images.futebolinterior.com.br\/2025\/07\/SaveClip.App_517584736_18507742216037691_7692762473961225706_n-300x200.webp","resumo":"O t\u00e9cnico Marcelo Cabo, do Santa Cruz, concedeu entrevista coletiva nesta sexta-feira "},"2310704":{"titulo":"Am\u00e9rica-RN confirma chegada de Gabriel Lima, ex-Caxias","link":"https:\/\/www.futebolinterior.com.br\/america-rn-confirma-chegada\/","chapeu":"OFICIAL","data":"11\/07\/2025","imagem":"https:\/\/images.futebolinterior.com.br\/2025\/07\/Gabriel_Lima_America_RN-300x169.webp","resumo":"\nGabriel Lima \u00e9 o novo refor\u00e7o do Am\u00e9rica-RN para a sequ\u00eancia da S\u00e9rie D"},"2310474":{"titulo":"Manauara mira lideran\u00e7a e classifica\u00e7\u00e3o antecipada na S\u00e9rie D","link":"https:\/\/www.futebolinterior.com.br\/manauara-mira-lideranca-e-classificacao-antecipada-na-serie-d\/","chapeu":"META","data":"11\/07\/2025","imagem":"https:\/\/images.futebolinterior.com.br\/2025\/07\/IMG_1951-300x200.webp","resumo":""}}