{"2312735":{"titulo":"Campanha garante \u00e0 Portuguesa a decis\u00e3o do primeiro mata-mata no Canind\u00e9","link":"https:\/\/www.futebolinterior.com.br\/portuguesa-decide-em-casa-serie-d\/","chapeu":"NINGU\u00c9M SEGURA","data":"15\/07\/2025","imagem":"https:\/\/images.futebolinterior.com.br\/2025\/07\/bPbk2L0E-image-300x200.webp","resumo":"A Portuguesa volta a campo no pr\u00f3ximo s\u00e1bado (19), quando visita o Maric\u00e1-RJ. O pr\u00f3ximo jogo no Canind\u00e9 ser\u00e1 no dia 26, contra o Boavista-RJ"},"2312709":{"titulo":"S\u00e9rie D: Inter de Limeira prorroga contrato com o artilheiro Bianconi","link":"https:\/\/www.futebolinterior.com.br\/inter-de-limeira-renova-com-artilheiro\/","chapeu":"ELE FICA!","data":"15\/07\/2025","imagem":"https:\/\/images.futebolinterior.com.br\/2025\/07\/6n9pKKJu-image-300x222.webp","resumo":"O novo contrato ainda prev\u00ea uma cl\u00e1usula autom\u00e1tica de extens\u00e3o, v\u00e1lida at\u00e9 o final da S\u00e9rie C do Campeonato Brasileiro, caso a Inter conquiste o acesso"},"2312425":{"titulo":"PLACAR FI: Com Brasileir\u00e3o, confira os RESULTADOS desta SEGUNDA-FEIRA","link":"https:\/\/www.futebolinterior.com.br\/confira-o-placar-fi-desta-segunda-feira-4\/","chapeu":"COMPLET\u00c3O","data":"14\/07\/2025","imagem":"https:\/\/images.futebolinterior.com.br\/2025\/07\/guarani-vence-copa-paulista-placar-fi-e1752544199182-300x214.webp","resumo":"Claro, o\u00a0Placar ao Vivo do Portal Futebol Interior\u00a0acompanhou todos os jogos e traz para voc\u00ea a lista com todos os resultados.\u00a0Confira!"},"2312534":{"titulo":"STJD pune Maracan\u00e3-CE com perda de pontos por c\u00e2nticos homof\u00f3bicos na S\u00e9rie D","link":"https:\/\/www.futebolinterior.com.br\/stjd-pune-maracana-homofobicos-serie-d\/","chapeu":"EITA","data":"14\/07\/2025","imagem":"https:\/\/images.futebolinterior.com.br\/2025\/07\/STJD-300x200.webp","resumo":"STJD pune Maracan\u00e3-CE com perda de pontos por c\u00e2nticos homof\u00f3bicos na S\u00e9rie D"},"2312563":{"titulo":"Marc\u00edlio Dias-SC 1 x 0 Barra-SC - Gola\u00e7o define vit\u00f3ria em jogo equilibrado","link":"https:\/\/www.futebolinterior.com.br\/marcilio-dias-sc-1-x-0-barra-sc\/","chapeu":"QUASE","data":"14\/07\/2025","imagem":"https:\/\/images.futebolinterior.com.br\/2025\/07\/SaveClip.App_516848480_725245253224451_4176127023161444354_n-300x200.webp","resumo":"O Marc\u00edlio Dias venceu o Barra pelo placar de 1 a 0, em partida v\u00e1lida pela 12\u00aa rodada da S\u00e9rie D do Campeonato Brasileiro"},"2312444":{"titulo":"Ferrovi\u00e1rio-CE demite t\u00e9cnico Tiago Zorro na S\u00e9rie D","link":"https:\/\/www.futebolinterior.com.br\/ferroviario-anuncia-saida\/","chapeu":"CAIU","data":"14\/07\/2025","imagem":"https:\/\/images.futebolinterior.com.br\/2025\/07\/Zorro-Ferroviario-300x168.webp","resumo":"\nO Ferrovi\u00e1rio confirmou nesta segunda-feira (14), a sa\u00edda do t\u00e9cnico Tiago Zorro\n"},"2312379":{"titulo":"Am\u00e9rica-RN comemora 110 anos com classifica\u00e7\u00e3o na S\u00e9rie D","link":"https:\/\/www.futebolinterior.com.br\/america-rn-comemora-110-anos\/","chapeu":"AVAN\u00c7OU","data":"14\/07\/2025","imagem":"https:\/\/images.futebolinterior.com.br\/2025\/07\/Elenco-America-RN-300x200.webp","resumo":"Apesar da oscila\u00e7\u00e3o ao longo da temporada, a equipe mant\u00e9m o foco em alcan\u00e7ar o principal objetivo\n"},"2312352":{"titulo":"Sampaio Corr\u00eaa tem desfalques para enfrentar o Parnahyba","link":"https:\/\/www.futebolinterior.com.br\/sampaio-correa-tem-desfalques\/","chapeu":"PROBLEMAS","data":"14\/07\/2025","imagem":"https:\/\/images.futebolinterior.com.br\/2025\/07\/Sampaio-Correa-jogador-300x181.webp","resumo":"O Sampaio Corr\u00eaa intensificou os treinos de olho no duelo contra o Parnahyba\n"},"2312322":{"titulo":"Clube da S\u00e9rie D \u00e9 punido por homofobia e perde pontos","link":"https:\/\/www.futebolinterior.com.br\/clube-serie-d-punido\/","chapeu":"HIST\u00d3RICO","data":"14\/07\/2025","imagem":"https:\/\/images.futebolinterior.com.br\/2025\/07\/STJD-300x188.webp","resumo":"A decis\u00e3o foi tomada ap\u00f3s c\u00e2nticos homof\u00f3bicos de parte da torcida contra o t\u00e9cnico do Iguatu"},"2312242":{"titulo":"Betinho e Testoni trocam elogios ap\u00f3s cl\u00e1ssico da S\u00e9rie D","link":"https:\/\/www.futebolinterior.com.br\/betinho-e-testoni-trocam-elogios-apos-classico-da-serie-d\/","chapeu":"ENCONTRO","data":"14\/07\/2025","imagem":"https:\/\/images.futebolinterior.com.br\/2025\/07\/IMG_1977-300x192.webp","resumo":""}}