{"2523832":{"titulo":"O que o Guarani precisa para garantir a classifica\u00e7\u00e3o na S\u00e9rie C?","link":"https:\/\/www.futebolinterior.com.br\/guarani-precisa-para-garantir-a-classificacao-na-serie-c\/","chapeu":"CHANCES","data":"25\/08\/2026","imagem":"https:\/\/images.futebolinterior.com.br\/2026\/08\/ae69babf-d015-42d8-ae6b-0135f772abb0-300x158.webp","resumo":"Bugre est\u00e1 a uma vit\u00f3ria de garantir presen\u00e7a no quadrangular final; empate e derrota deixam classifica\u00e7\u00e3o dependente de combina\u00e7\u00f5es."},"2523587":{"titulo":"Blog do Ari: Louzer vai acertar o Guarani a tempo?","link":"https:\/\/www.futebolinterior.com.br\/blog-do-ari-louzer-vai-acertar-o-guarani-a-tempo\/","chapeu":"BLOG DO ARI","data":"24\/08\/2026","imagem":"https:\/\/images.futebolinterior.com.br\/2026\/08\/mQbhXuFN-guarani-umberto-louzer-anuncio-300x190.webp","resumo":"Treinador Umberto Louzer est\u00e1 chegando; vai dar tempo para colocar o Guarani em ordem? A \u00faltima rodada da S\u00e9rie C ser\u00e1 no fim de semana."},"2523527":{"titulo":"Entre a SAF bilion\u00e1ria e o risco de elimina\u00e7\u00e3o, Guarani decide futuro dentro e fora de campo","link":"https:\/\/www.futebolinterior.com.br\/entre-a-saf-bilionaria-e-o-risco-de-eliminacao-guarani-decide-futuro-dentro-e-fora-de-campo\/","chapeu":"PRA VALER!","data":"24\/08\/2026","imagem":"https:\/\/images.futebolinterior.com.br\/2026\/08\/Captura-de-tela-2026-08-24-194145-300x214.webp","resumo":"Enquanto o time busca uma vaga no quadrangular da S\u00e9rie C, o clube avan\u00e7a nas discuss\u00f5es de uma SAF avaliada em R$ 1,075 bilh\u00e3o"},"2523413":{"titulo":"Futuro incerto de Mazola J\u00fanior no Ituano ap\u00f3s fim do sonho","link":"https:\/\/www.futebolinterior.com.br\/futuro-incerto-mazola-junior-ituano\/","chapeu":"DERROTADO","data":"24\/08\/2026","imagem":"https:\/\/images.futebolinterior.com.br\/2026\/07\/juninho-banca-mazola-ituano-300x173.webp","resumo":"Depois da partida, o treinador falou sobre a possibilidade de n\u00e3o permanecer no clube na pr\u00f3xima temporada"},"2523414":{"titulo":"J\u00fanior Rocha explica mudan\u00e7a para tr\u00eas zagueiros e exalta rea\u00e7\u00e3o do Paysandu","link":"https:\/\/www.futebolinterior.com.br\/junior-rocha-explica-mudanca-para-tres-zagueiros-e-exalta-reacao-do-paysandu\/","chapeu":"S\u00c9RIE C","data":"24\/08\/2026","imagem":"https:\/\/images.futebolinterior.com.br\/2026\/08\/IMG_7502-300x164.webp","resumo":""},"2523409":{"titulo":"Blog do Ari: Sizenando tem culpa no Guarani, mas n\u00e3o s\u00f3 ele","link":"https:\/\/www.futebolinterior.com.br\/sizenando-tem-culpa-guarani-nao-so-ele\/","chapeu":"BLOG DO ARI","data":"24\/08\/2026","imagem":"https:\/\/images.futebolinterior.com.br\/2026\/06\/elio-sizenando-lamenta-derrota-guarani-300x200.webp","resumo":"Demitido no Guarani, o treinador \u00c9lio Sizenando tem culpa sim, mas outros precisam ser citados na campanha na S\u00e9rie C."},"2523387":{"titulo":"Higo Magalh\u00e3es explica mudan\u00e7as e cobra postura do Brusque ap\u00f3s empate em casa","link":"https:\/\/www.futebolinterior.com.br\/higo-magalhaes-explica-mudancas-e-cobra-postura-do-brusque-apos-empate-em-casa\/","chapeu":"S\u00c9RIE C","data":"24\/08\/2026","imagem":"https:\/\/images.futebolinterior.com.br\/2026\/08\/IMG_7498-300x157.webp","resumo":""},"2523383":{"titulo":"\u00cdtalo refor\u00e7a desejo de ficar no Paysandu e mira acesso como \u201cano perfeito\u201d","link":"https:\/\/www.futebolinterior.com.br\/italo-reforca-desejo-de-ficar-no-paysandu-e-mira-acesso-como-ano-perfeito\/","chapeu":"S\u00c9RIE C","data":"24\/08\/2026","imagem":"https:\/\/images.futebolinterior.com.br\/2026\/08\/IMG_7497-300x200.webp","resumo":""},"2523378":{"titulo":"Santa Cruz planeja retorno de emprestados para reta final da S\u00e9rie C","link":"https:\/\/www.futebolinterior.com.br\/santa-cruz-planeja-retorno-de-emprestados-para-reta-final-da-serie-c\/","chapeu":"MERCADO","data":"24\/08\/2026","imagem":"https:\/\/images.futebolinterior.com.br\/2026\/08\/IMG_7496-300x155.webp","resumo":""},"2523369":{"titulo":"Rog\u00e9rio Corr\u00eaa detona arbitragem ap\u00f3s derrota da Ferrovi\u00e1ria para o Ypiranga","link":"https:\/\/www.futebolinterior.com.br\/rogerio-correa-detona-arbitragem-apos-derrota-da-ferroviaria-para-o-ypiranga\/","chapeu":"DESABAFO","data":"24\/08\/2026","imagem":"https:\/\/images.futebolinterior.com.br\/2026\/08\/IMG_7495-300x169.webp","resumo":""}}