{"2299693":{"titulo":"Goleiro do Botafogo-PB destaca cobran\u00e7a interna por resposta r\u00e1pida","link":"https:\/\/www.futebolinterior.com.br\/goleiro-do-botafogo-pb\/","chapeu":"COMPLICADO","data":"25\/06\/2025","imagem":"https:\/\/images.futebolinterior.com.br\/2025\/06\/Michael-Fracaro-Botafogo-PB-300x200.webp","resumo":"Botafogo-PB busca reencontrar o caminho das vit\u00f3rias para se afastar da parte de baixo da tabela"},"2299666":{"titulo":"Ytalo analisa estreia pelo ABC e quer 3 pontos no Frasqueir\u00e3o","link":"https:\/\/www.futebolinterior.com.br\/ytalo-analisa-estreia-pelo-abc\/","chapeu":"CHEGANDO","data":"25\/06\/2025","imagem":"https:\/\/images.futebolinterior.com.br\/2025\/06\/Ytalo-ABC-300x200.webp","resumo":"O atacante Ytalo comentou sua estreia com a camisa alvinegra, no empate em 0 a 0 diante da Ponte Preta"},"2299383":{"titulo":"Atacante do N\u00e1utico avalia dificuldade para viagem na S\u00e9rie C: \"Log\u00edstica muito complicada\"","link":"https:\/\/www.futebolinterior.com.br\/atacante-nautico-dificuldade-viagem\/","chapeu":"DIF\u00cdCIL","data":"25\/06\/2025","imagem":"https:\/\/images.futebolinterior.com.br\/2025\/06\/kayon-dificuldade-logistica-nautico-300x183.webp","resumo":"N\u00e1utico far\u00e1 confronto direto mirando G-8 da Terceirona e busca dar melhores condi\u00e7\u00f5es aos atletas na ida a Tombos"},"2299471":{"titulo":"Volante do Ypiranga indica defesa como ponto chave para acesso na S\u00e9rie C","link":"https:\/\/www.futebolinterior.com.br\/volante-do-ypiranga-indica-defesa-como-ponto-chave-para-acesso-na-serie-c\/","chapeu":"DEFESA?","data":"25\/06\/2025","imagem":"https:\/\/images.futebolinterior.com.br\/2025\/06\/Screenshot_9-300x176.webp","resumo":"O Ypiranga volta a campo no domingo (29), quando visita o ABC no Est\u00e1dio Frasqueir\u00e3o, \u00e0s 16h30, pela d\u00e9cima rodada"},"2299608":{"titulo":"Sem espa\u00e7o no Figueirense, zagueiro Felipe Santiago sai por empr\u00e9stimo","link":"https:\/\/www.futebolinterior.com.br\/sem-espaco-no-figueirense\/","chapeu":"SA\u00cdDA","data":"25\/06\/2025","imagem":"https:\/\/images.futebolinterior.com.br\/2025\/06\/Felipe-Santiago-300x200.webp","resumo":"\nCom v\u00ednculo com o Figueirense at\u00e9 o fim de 2025, Santiago soma oito partidas pelo clube na temporada"},"2299387":{"titulo":"CSA tem novidades para encarar Guarani na S\u00e9rie C","link":"https:\/\/www.futebolinterior.com.br\/csa-mudancas-guarani-serie-c\/","chapeu":"ALTERADO","data":"25\/06\/2025","imagem":"https:\/\/images.futebolinterior.com.br\/2025\/06\/escalacao-modificada-csa-300x200.webp","resumo":"CSA vai a campo com novidade entre os 11, j\u00e1 que tem uma baixa confirmada na escala\u00e7\u00e3o em rela\u00e7\u00e3o a \u00faltimo confronto"},"2299512":{"titulo":"Ponte Preta negocia com atacante do Mirassol para janela de julho","link":"https:\/\/www.futebolinterior.com.br\/ponte-preta-negocia-com-atacante-do-mirassol-para-janela-de-julho\/","chapeu":"ATACANTE","data":"25\/06\/2025","imagem":"https:\/\/images.futebolinterior.com.br\/2025\/06\/Screenshot_8-300x219.webp","resumo":"A Ponte Preta j\u00e1 mira o primeiro refor\u00e7o para o per\u00edodo de contrata\u00e7\u00f5es de julho. Antes, a Macaca encara o Maring\u00e1 neste final de semana"},"2299581":{"titulo":"Volpi projeta virada do Retr\u00f4 em casa contra o Londrina","link":"https:\/\/www.futebolinterior.com.br\/volpi-projeta-virada-do-retro\/","chapeu":"MELHORANDO?","data":"25\/06\/2025","imagem":"https:\/\/images.futebolinterior.com.br\/2025\/06\/Volpi-Retro-300x169.webp","resumo":"Em busca da recupera\u00e7\u00e3o na S\u00e9rie C do Campeonato Brasileiro, o Retr\u00f4 se prepara para um duelo importante "},"2299483":{"titulo":"Guarani negocia renova\u00e7\u00e3o com Luiz Miguel at\u00e9 fim da S\u00e9rie C","link":"https:\/\/www.futebolinterior.com.br\/guarani-negocia-renovacao-com-luiz-miguel-ate-fim-da-serie-c\/","chapeu":"TENTATIVA","data":"25\/06\/2025","imagem":"https:\/\/images.futebolinterior.com.br\/2025\/06\/IMG_1342-300x168.webp","resumo":""},"2299446":{"titulo":"Pablo pode disputar \u00faltimo jogo com a camisa do Londrina","link":"https:\/\/www.futebolinterior.com.br\/pablo-pode-disputar-ultimo-jogo-com-a-camisa-do-londrina\/","chapeu":"SA\u00cdDA","data":"25\/06\/2025","imagem":"https:\/\/images.futebolinterior.com.br\/2025\/06\/imagem_2025-06-25_145119027-300x224.webp","resumo":"Diante do Retr\u00f4, no final de semana, o Londrina pode se despedir do atacante Pablo Ruan, vice-artilheiro do clube em 2025"}}