{"2305992":{"titulo":"Botafogo-PB anuncia sa\u00edda de dirigente e passa por reformula\u00e7\u00e3o","link":"https:\/\/www.futebolinterior.com.br\/botafogo-pb-anuncia-saida\/","chapeu":"CAIU","data":"04\/07\/2025","imagem":"https:\/\/images.futebolinterior.com.br\/2025\/07\/SaveClip.App_515148563_18516220348060235_1726630254674652371_n-300x200.webp","resumo":"O Botafogo-PB confirmou nesta sexta-feira o desligamento do Diretor Executivo de Futebol"},"2304952":{"titulo":"N\u00e1utico x Floresta - onde assistir, hor\u00e1rio e escala\u00e7\u00f5es","link":"https:\/\/www.futebolinterior.com.br\/nautico-floresta-serie-c-2\/","chapeu":"PR\u00d3XIMOS","data":"04\/07\/2025","imagem":"https:\/\/images.futebolinterior.com.br\/2025\/07\/nautico-floresta-serie-c-2024-300x240.webp","resumo":"N\u00e1utico voltou ao G-8 ap\u00f3s 26 rodadas considerando as \u00faltimas duas edi\u00e7\u00f5es e visa se firmar em duelo contra Verd\u00e3o"},"2305830":{"titulo":"Ponte Preta regulariza sal\u00e1rios e coloca ponto final em pol\u00eamica","link":"https:\/\/www.futebolinterior.com.br\/ponte-preta-regulariza-salarios-e-coloca-ponto-final-em-polemica\/","chapeu":"UFA!","data":"04\/07\/2025","imagem":"https:\/\/images.futebolinterior.com.br\/2025\/07\/Screenshot_1-300x188.webp","resumo":"A Ponte Preta volta a campo na segunda-feira (07), quando encara o Tombense no Mois\u00e9s Lucarelli, \u00e0s 19h30"},"2305792":{"titulo":"CRB e CSA buscam refor\u00e7os na \u00faltima janela do Brasileir\u00e3o 2025","link":"https:\/\/www.futebolinterior.com.br\/crb-csa-reforcos-janela-do-brasileirao\/","chapeu":"REFOR\u00c7OS","data":"04\/07\/2025","imagem":"https:\/\/images.futebolinterior.com.br\/2025\/07\/CRB-e-Atletico-GO-se-eenfrentam-na-Serie-B-1-1-300x200.webp","resumo":""},"2305772":{"titulo":"Guarani renova contrato com lateral-esquerdo at\u00e9 2028","link":"https:\/\/www.futebolinterior.com.br\/guarani-renova-contrato-lateral-serie-c\/","chapeu":"RENOVOU","data":"04\/07\/2025","imagem":"https:\/\/images.futebolinterior.com.br\/2025\/07\/JIYjN2aZ-image-300x212.webp","resumo":"Titular absoluto desde sua chegada ao Brinco de Ouro em setembro de 2024, Emerson Barbosa acumula 31 partidas pelo clube, com dois gols, ambos marcados na atual S\u00e9rie C"},"2305725":{"titulo":"Patrocinadora distribuir\u00e1 120 ingressos para os jogos da Ponte Preta","link":"https:\/\/www.futebolinterior.com.br\/patrocinador-ingressos-ponte-preta\/","chapeu":"FIQUE LIGADO","data":"04\/07\/2025","imagem":"https:\/\/images.futebolinterior.com.br\/2025\/07\/image-300x209.webp","resumo":"O sorteio acontecer\u00e1 nesta sexta-feira (4). Para concorrer, basta seguir o perfil oficial da empresa e fazer um coment\u00e1rio marcando dois amigos no post promocional"},"2305521":{"titulo":"Moraes segue no Maring\u00e1? Entenda situa\u00e7\u00e3o do atacante","link":"https:\/\/www.futebolinterior.com.br\/moraes-segue-no-maringa-entenda-situacao-do-atacante\/","chapeu":"FICA?","data":"04\/07\/2025","imagem":"https:\/\/images.futebolinterior.com.br\/2025\/07\/imagem_2025-07-03_224745686-300x200.webp","resumo":"A situa\u00e7\u00e3o do atacante Matheus Moraes segue indefinida, e a perman\u00eancia no Maring\u00e1 ainda \u00e9 uma possibilidade, apesar das afirma\u00e7\u00f5es contr\u00e1rias"},"2305585":{"titulo":"Ponte Preta desiste de atacante do Mirassol: 'S\u00f3 fica quem quer vestir a camisa'","link":"https:\/\/www.futebolinterior.com.br\/ponte-preta-desiste-de-atacante-do-mirassol-so-fica-quem-quer-vestir-a-camisa\/","chapeu":"N\u00c3O VEM!","data":"04\/07\/2025","imagem":"https:\/\/images.futebolinterior.com.br\/2025\/07\/mirassol-300x200.webp","resumo":"O clube campineiro tinha acerto encaminhado com o jogador, mas optou por n\u00e3o seguir com a negocia\u00e7\u00e3o ap\u00f3s reuni\u00e3o com o pr\u00f3prio atleta."},"2305412":{"titulo":"Diretor do Maring\u00e1 tranquiliza sobre momento na S\u00e9rie C: \"Algo maior l\u00e1 na frente\"","link":"https:\/\/www.futebolinterior.com.br\/diretor-do-maringa-tranquiliza-situacao-algo-maior-la-na-frente\/","chapeu":"CALMA!","data":"03\/07\/2025","imagem":"https:\/\/images.futebolinterior.com.br\/2025\/07\/Screenshot_8-300x184.webp","resumo":"O Maring\u00e1 perdeu espa\u00e7o no G-8 e agora \u00e9 o 11\u00ba colocado, com 13 pontos. No pr\u00f3ximo duelo, visita o Ypiranga no Colosso da Lagoa"},"2305447":{"titulo":"T\u00e9cnico do Londrina, Roger Silva destaca respeito pelo 'rival' Guarani","link":"https:\/\/www.futebolinterior.com.br\/roger-tecnico-londrina\/","chapeu":"CL\u00c1SSICO?","data":"03\/07\/2025","imagem":"https:\/\/images.futebolinterior.com.br\/2025\/07\/Roger-Silva-300x196.webp","resumo":"\nAtualmente treinador do Londrina, Roger Silva vai encarar um advers\u00e1rio bastante familiar"}}