{"2318365":{"titulo":"Guarani x N\u00e1utico - onde assistir, hor\u00e1rio e escala\u00e7\u00f5es","link":"https:\/\/www.futebolinterior.com.br\/guarani-x-nautico-serie-c\/","chapeu":"PR\u00d3XIMOS","data":"25\/07\/2025","imagem":"https:\/\/images.futebolinterior.com.br\/2025\/07\/guarani-nautico-serie-b-2022-300x200.webp","resumo":"Guarani e Timbu entram em campo na S\u00e9rie C buscando o mesmo objetivo: ter vaga na zona classificat\u00f3ria \u00e0 2\u00aa fase"},"2319223":{"titulo":"Jackson sente dores e n\u00e3o estreia pelo CSA contra o Londrina","link":"https:\/\/www.futebolinterior.com.br\/jackson-sente-dores-e-nao-estreia-pelo-csa-contra-o-londrina\/","chapeu":"N\u00c3O JOGA","data":"25\/07\/2025","imagem":"https:\/\/images.futebolinterior.com.br\/2025\/07\/75D4A1A6-77A7-4688-B89E-AA3608AE8438-300x197.webp","resumo":"Contratado durante a semana, o CSA n\u00e3o poder\u00e1 contar com a estreia do zagueiro Jackson diante do Londrina"},"2319210":{"titulo":"Ponte Preta entra com duas mudan\u00e7as e 6 pendurados na rodada pr\u00e9-Derbi","link":"https:\/\/www.futebolinterior.com.br\/ponte-preta-entra-com-duas-mudancas-e-6-pendurados-na-rodada-pre-derbi\/","chapeu":"VAI POUPAR?","data":"25\/07\/2025","imagem":"https:\/\/images.futebolinterior.com.br\/2025\/07\/4BF74830-C96A-45A0-9378-D53371FB8C51-300x186.webp","resumo":"O t\u00e9cnico Alberto Valentim se prepara nas v\u00e9speras do confronto entre Ponte Preta e Caxias para definir a escala\u00e7\u00e3o titular"},"2319192":{"titulo":"Itabaiana anuncia atacante campe\u00e3o da S\u00e9rie C com o Amazonas","link":"https:\/\/www.futebolinterior.com.br\/itabaiana-anuncia-atacante-campeao-da-serie-c-com-o-amazonas\/","chapeu":"PONTA","data":"25\/07\/2025","imagem":"https:\/\/images.futebolinterior.com.br\/2025\/07\/44D77C46-4576-40CE-8C07-A97622C41470-300x176.webp","resumo":"O Itabaiana anunciou nesta quinta-feira (24) a chegada do atacante Douglas Silva, o DG, de 26 anos, para a reta final do Campeonato Brasileiro da S\u00e9rie C"},"2319012":{"titulo":"Guarani empresta atacante Jo\u00e3o Victor ao futebol sul-coreano","link":"https:\/\/www.futebolinterior.com.br\/guarani-empresta-atacante-joao-victor-ao-futebol-sul-coreano\/","chapeu":"CONFIRMADO!","data":"25\/07\/2025","imagem":"https:\/\/images.futebolinterior.com.br\/2025\/07\/GUARANI-300x200.webp","resumo":"Pelo Bugre, atuou entre 2023 e 2024, com 73 jogos somando sete gols e seis assist\u00eancias"},"2318958":{"titulo":"Pra que o Guarani recorre ao 'tapet\u00e3o' contra o An\u00e1polis?","link":"https:\/\/www.futebolinterior.com.br\/pra-que-o-guarani-recorre-ao-tapetao-contra-o-anapolis\/","chapeu":"BLOG DO ARI","data":"25\/07\/2025","imagem":"https:\/\/images.futebolinterior.com.br\/2025\/07\/aNAPOLIS-gUARANI-afc-300x172.webp","resumo":"O jur\u00eddico do Guarani ingressou com a\u00e7\u00e3o no STJD (Superior Tribunal de Justi\u00e7a Desportiva) da CBF requerendo a impugna\u00e7\u00e3o da citada partida."},"2318770":{"titulo":"EXCLUSIVA! T\u00e9cnico do An\u00e1polis celebra 'n\u00f3 t\u00e1tico' no Guarani e crava perman\u00eancia na S\u00e9rie C","link":"https:\/\/www.futebolinterior.com.br\/exclusiva-tecnico-do-anapolis-celebra-no-tatico-no-guarani-e-crava-permanencia-na-serie-c\/","chapeu":"FALA!","data":"24\/07\/2025","imagem":"https:\/\/images.futebolinterior.com.br\/2025\/07\/v2_45d9656e-edc1-4114-a289-958b9215bc28-300x200.webp","resumo":"O t\u00e9cnico Gabardo J\u00fanior, do An\u00e1polis, concedeu entrevista exclusiva ao Portal Futebol Interior dias ap\u00f3s a vit\u00f3ria por 2 a 0 em cima do Guarani"},"2318820":{"titulo":"Brusque anuncia atacante que estava no Crici\u00fama","link":"https:\/\/www.futebolinterior.com.br\/brusque-anuncia-atacante-que-estava-no-criciuma\/","chapeu":"OFICIAL","data":"24\/07\/2025","imagem":"https:\/\/images.futebolinterior.com.br\/2025\/07\/WhatsApp-Image-2025-07-24-at-18.19.39-300x225.webp","resumo":"O Brusque anunciou nesta quinta-feira (24) a contrata\u00e7\u00e3o do atacante Adrianinho, de 21 anos, que defendida o Crici\u00fama"},"2318821":{"titulo":"Maring\u00e1 anuncia atacante que rescindiu com rival da S\u00e9rie C","link":"https:\/\/www.futebolinterior.com.br\/maringa-anuncia-atacante-que-rescindiu-com-rival-da-serie-c\/","chapeu":"OFICIAL","data":"24\/07\/2025","imagem":"https:\/\/images.futebolinterior.com.br\/2025\/07\/75E1340F-E633-441F-94C1-D56F9F24500E-300x178.webp","resumo":"Refor\u00e7ando o setor ofensivo, carente de atacantes de velocidade, o Maring\u00e1 anunciou nesta quinta-feira (24) a chegada do ponta Luiz Fernando"},"2318777":{"titulo":"Botafogo-PB contrata destaque da Juazeirense para a S\u00e9rie C","link":"https:\/\/www.futebolinterior.com.br\/botafogo-pb-contrata-destaque-da-juazeirense-para-a-serie-c\/","chapeu":"CHEGOU","data":"24\/07\/2025","imagem":"https:\/\/images.futebolinterior.com.br\/2025\/07\/717B6876-0DC1-4783-8F22-5A8CE8749F6E-300x218.webp","resumo":"O Botafogo-PB anunciou nesta quinta-feira (24) a contrata\u00e7\u00e3o do atacante Guilherme Silveira, de 25 anos"}}