{"2326041":{"titulo":"ABC libera atacante para atuar no futebol de Portugal","link":"https:\/\/www.futebolinterior.com.br\/abc-libera-atacante-para-atuar-no-futebol-de-portugal\/","chapeu":"SA\u00cdDA","data":"05\/08\/2025","imagem":"https:\/\/images.futebolinterior.com.br\/2025\/08\/856ABACF-9B73-4918-B800-CDDB6B177149-300x201.webp","resumo":"O ABC acertou a rescis\u00e3o de contrato com o atacante Matheus Martins, de 27 anos, nesta ter\u00e7a-feira (05)"},"2326006":{"titulo":"Destaque do CSA projeta classifica\u00e7\u00e3o contra o Vasco: \"Expectativa alta\"","link":"https:\/\/www.futebolinterior.com.br\/destaque-do-csa-projeta-classificacao-contra-o-vasco-expectativa-alta\/","chapeu":"SER\u00c1?","data":"05\/08\/2025","imagem":"https:\/\/images.futebolinterior.com.br\/2025\/08\/CB71780E-6C40-4708-9ACC-A6722718EEA7-300x211.webp","resumo":"O duelo do returno entre Vasco e CSA acontece na quinta-feira (07), \u00e0s 20h, no Est\u00e1dio S\u00e3o Janu\u00e1rio, onde o vencedor avan\u00e7a"},"2326015":{"titulo":"CBF recebe clubes da S\u00e9rie C e projeta fortalecimento da competi\u00e7\u00e3o","link":"https:\/\/www.futebolinterior.com.br\/cbf-recebe-clubes-serie-c-fortalecer\/","chapeu":"MELHORIAS","data":"05\/08\/2025","imagem":"https:\/\/images.futebolinterior.com.br\/2025\/08\/image-300x183.webp","resumo":"A reuni\u00e3o, realizada na sede da entidade, serviu para a gest\u00e3o ouvir as impress\u00f5es dos clubes sobre a competi\u00e7\u00e3o, e, em conjunto, definir estrat\u00e9gias para o fortalecimento da terceira divis\u00e3o"},"2326008":{"titulo":"Ypiranga anuncia volante que disputou a 1\u00aa fase da S\u00e9rie D","link":"https:\/\/www.futebolinterior.com.br\/ypiranga-anuncia-volante-que-disputou-a-1a-fase-da-serie-d\/","chapeu":"CHEGOU","data":"05\/08\/2025","imagem":"https:\/\/images.futebolinterior.com.br\/2025\/08\/E69A3691-63E1-4367-84B5-138D5DE557F3-300x190.webp","resumo":"O Ypiranga iniciou a semana de treinamentos nesta ter\u00e7a-feira (05) com uma novidade, j\u00e1 que anunciou a chegada do volante Igor Silva"},"2325896":{"titulo":"Mazola diz que se 'demitiu para si mesmo' e v\u00ea virada no Ituano ap\u00f3s vit\u00f3ria","link":"https:\/\/www.futebolinterior.com.br\/mazola-diz-que-se-demitiu-para-si-mesmo-e-ve-virada-no-ituano-apos-vitoria\/","chapeu":"Oi?","data":"05\/08\/2025","imagem":"https:\/\/images.futebolinterior.com.br\/2025\/08\/ITUANO.avif","resumo":"Mesmo assumindo que tudo n\u00e3o passou de uma \u201cpar\u00e1bola\u201d, Mazola refor\u00e7ou que a mudan\u00e7a de postura foi real"},"2325838":{"titulo":"S\u00e9rie C: Guarani oficializa contrata\u00e7\u00e3o do atacante Dentinho","link":"https:\/\/www.futebolinterior.com.br\/serie-c-guarani-contrata-atacante-dentinho\/","chapeu":"MAIS UM","data":"05\/08\/2025","imagem":"https:\/\/images.futebolinterior.com.br\/2025\/08\/Guarani-contrata-o-atacante-dentinho-300x168.webp","resumo":"O novo atacante do Guarani j\u00e1 conquistou um acesso na S\u00e9rie C com o Brusque, em 2023"},"2325725":{"titulo":"Guarani adota manual de conduta para atletas em meio a fase delicada na S\u00e9rie C","link":"https:\/\/www.futebolinterior.com.br\/guarani-adota-manual-de-conduta-para-atletas-em-meio-a-fase-delicada-na-serie-c\/","chapeu":"VEJA!","data":"05\/08\/2025","imagem":"https:\/\/images.futebolinterior.com.br\/2025\/08\/Captura-de-Tela-2025-08-05-as-08.44.23-300x212.webp","resumo":"Diante da fase inst\u00e1vel do time, o tom r\u00edgido e detalhista do manual soa, no m\u00ednimo,\u00a0apelativo."},"2325530":{"titulo":"PLACAR FI: Com Brasileir\u00e3o, confira os RESULTADOS desta SEGUNDA-FEIRA","link":"https:\/\/www.futebolinterior.com.br\/confira-o-placar-fi-desta-segunda-feira-5\/","chapeu":"SEGUNDOU!","data":"04\/08\/2025","imagem":"https:\/\/images.futebolinterior.com.br\/2025\/08\/Screenshot_106-300x230.webp","resumo":"Claro, o\u00a0Placar ao Vivo do Portal Futebol Interior\u00a0acompanhou todos os jogos e traz para voc\u00ea a lista com todos os resultados.\u00a0Confira!"},"2325681":{"titulo":"Por que o lateral Maguinho tem camisa na Ponte Preta ?","link":"https:\/\/www.futebolinterior.com.br\/por-que-o-lateral-maguinho-tem-camisa-na-ponte-preta\/","chapeu":"BLOG DO ARI","data":"04\/08\/2025","imagem":"https:\/\/images.futebolinterior.com.br\/2025\/08\/ERlvis-camisa-Ponte-Preta-Marcos-Ribolli-300x162.webp","resumo":"E n\u00e3o apenas pela falha crucial no gol de empate do Guarani, no d\u00e9rbi. A irregularidade dele tem sido citada desde que chegou \u00e0 Ponte Preta."},"2325643":{"titulo":"S\u00c9RIE C: Ituano sonha com G-8; Confian\u00e7a dispara com nova vit\u00f3ria","link":"https:\/\/www.futebolinterior.com.br\/serie-c-ituano-sonha-com-g-8-confianca-dispara-com-nova-vitoria\/","chapeu":"S\u00c9RIE C","data":"04\/08\/2025","imagem":"https:\/\/images.futebolinterior.com.br\/2025\/08\/EAC66CE5-8EB2-4B0E-99D2-03DA4196301A-300x201.webp","resumo":"O Campeonato Brasileiro da S\u00e9rie C teve sua 15\u00aa rodada conclu\u00edda nesta segunda-feira (04), com mais tr\u00eas partidas"}}