{"2279418":{"titulo":"S\u00e9rie B: Ronie Carrillo pede foco ao Botafogo-SP e projeta rea\u00e7\u00e3o fora de casa","link":"https:\/\/www.futebolinterior.com.br\/carrillo-pede-foco-ao-botafogo-sp\/","chapeu":"CONFIANTE","data":"16\/05\/2025","imagem":"https:\/\/images.futebolinterior.com.br\/2025\/05\/Atacante-do-Botafogo-SP-pede-foco-por-recuperacao-na-Serie-B-300x182.webp","resumo":"Com apenas uma vit\u00f3ria e dois empates em sete jogos, o Botafogo soma cinco pontos e tenta se recuperar diante do Oper\u00e1rio"},"2279411":{"titulo":"S\u00e9rie B: Oper\u00e1rio-PR ter\u00e1 mudan\u00e7as para enfrentar o Botafogo-SP","link":"https:\/\/www.futebolinterior.com.br\/operario-pr-tera-mudancas-contra-o-botafogo-sp\/","chapeu":"VAI MUDAR","data":"16\/05\/2025","imagem":"https:\/\/images.futebolinterior.com.br\/2025\/05\/Operario-prepara-mudancas-contra-o-Botafogo-SP-300x200.webp","resumo":"O Oper\u00e1rio-PR chega embalado para o jogo, ap\u00f3s vencer Am\u00e9rica-MG e Cuiab\u00e1 nas \u00faltimas rodadas"},"2279374":{"titulo":"Presidentes de federa\u00e7\u00f5es lan\u00e7am manifesto contra Ednaldo Rodrigues","link":"https:\/\/www.futebolinterior.com.br\/presidentes-federacoes-contra-ednaldo\/","chapeu":"TUDO JUNTO","data":"16\/05\/2025","imagem":"https:\/\/images.futebolinterior.com.br\/2025\/05\/sLGm8IRB-image-138-300x221.webp","resumo":"Um grupo de 19 entidades lan\u00e7ou um manifesto p\u00fablico, pedindo \"renova\u00e7\u00e3o e descentraliza\u00e7\u00e3o\" do futebol nacional, sem citar o nome de Ednaldo Rodrigues"},"2279103":{"titulo":"Volante do Ava\u00ed celebra empate: \"Importante l\u00e1 na frente\"","link":"https:\/\/www.futebolinterior.com.br\/volante-avai-celebra-empate\/","chapeu":"VALORIZOU","data":"16\/05\/2025","imagem":"https:\/\/images.futebolinterior.com.br\/2025\/05\/ze-ricardo-valoriza-empate-avai-300x200.webp","resumo":"Ava\u00ed abriu 8\u00aa rodada contra a Ferrovi\u00e1ria e perdeu chance de seguir na cola dos l\u00edderes da Segundona ap\u00f3s empatar"},"2279101":{"titulo":"Zagueiro da Ferrovi\u00e1ria aponta erros: \"Estamos oscilando no in\u00edcio\"","link":"https:\/\/www.futebolinterior.com.br\/zagueiro-ferroviaria-aponta-erros\/","chapeu":"VACILOS","data":"16\/05\/2025","imagem":"https:\/\/images.futebolinterior.com.br\/2025\/05\/maycon-aponta-erros-ferroviaria-300x200.webp","resumo":"Ferrovi\u00e1ria abriu a 8\u00aa rodada diante do Ava\u00ed e perdeu oportunidade de entrar, provisoriamente, no G-4 da Segundona"},"2279268":{"titulo":"Ferrovi\u00e1ria 1 x 1 Ava\u00ed - Le\u00e3o sai na frente, empata e perde a chance de colar nos l\u00edderes","link":"https:\/\/www.futebolinterior.com.br\/ferroviaria-1-x-1-avai-serie-b\/","chapeu":"TUDO IGUAL","data":"16\/05\/2025","imagem":"https:\/\/images.futebolinterior.com.br\/2025\/05\/ferroviaria-avai-empate-serie-b-300x200.webp","resumo":"Com o resultado, por enquanto, o Ava\u00ed se manteve dentro do G-4, na quarta posi\u00e7\u00e3o com 13 pontos, mas pode perder coloca\u00e7\u00f5es no decorrer da rodada"},"2279207":{"titulo":"PLACAR FI: Com Libertadores, confira os RESULTADOS desta QUINTA-FEIRA","link":"https:\/\/www.futebolinterior.com.br\/confira-o-placar-fi-desta-quinta-feira\/","chapeu":"COMPLET\u00c3O","data":"15\/05\/2025","imagem":"https:\/\/images.futebolinterior.com.br\/2025\/05\/Z6mmVC28-image-138-300x166.webp","resumo":"A bola rolou para jogos do\u00a0Brasileir\u00e3o S\u00e9rieB, Libertadores, Copa Sul-Americana, futebol de base, Paulist\u00e3o feminino e diversos jogos pelo Espanhol e Saudita"},"2279230":{"titulo":"Cuiab\u00e1 reencontra a Chapecoense ap\u00f3s quatro anos","link":"https:\/\/www.futebolinterior.com.br\/cuiaba-reencontra-chape\/","chapeu":"CURIOSIDADE","data":"15\/05\/2025","imagem":"https:\/\/images.futebolinterior.com.br\/2025\/05\/WhatsApp-Image-2025-05-14-at-14.18.29-300x200.webp","resumo":"Cuiab\u00e1 e Chapecoense se enfrentam nesta sexta-feira (16), em Chapec\u00f3, pela oitava rodada da S\u00e9rie B\n"},"2279187":{"titulo":"Botafogo-SP pode ter 5 estrangeiros como titulares pela primeira vez","link":"https:\/\/www.futebolinterior.com.br\/botafogo-sp-5-estrangeiros\/","chapeu":"DIFERENTE","data":"15\/05\/2025","imagem":"https:\/\/images.futebolinterior.com.br\/2025\/05\/Botafogo-SP-1-300x200.webp","resumo":"O Botafogo-SP pode viver um momento in\u00e9dito neste s\u00e1bado (17), na partida contra o Oper\u00e1rio-PR\n"},"2279042":{"titulo":"Daniel Paulista comemora vit\u00f3ria do Remo e vice-lideran\u00e7a: \"Gostei do que vi\"","link":"https:\/\/www.futebolinterior.com.br\/daniel-paulista-comemora-vitoria-do-remo\/","chapeu":"INVICTO","data":"15\/05\/2025","imagem":"https:\/\/images.futebolinterior.com.br\/2025\/05\/Daniel-Paulista-300x200.webp","resumo":"Nesta quarta, o Remo venceu mais uma vez na S\u00e9rie B, desta vez diante do Vila Nova, no Mangueir\u00e3o em Bel\u00e9m."}}