{"2287192":{"titulo":"Vai entender! Goleiro faz gol e leva cart\u00e3o por beijar escudo do pr\u00f3prio time na S\u00e9rie B","link":"https:\/\/www.futebolinterior.com.br\/vai-entender-goleiro-faz-gol-e-leva-cartao-por-beijar-escudo-do-proprio-time-na-serie-b\/","chapeu":"COMO ASSIM?","data":"31\/05\/2025","imagem":"https:\/\/images.futebolinterior.com.br\/2025\/05\/Screenshot_18-1-300x218.webp","resumo":"O goleiro Tadeu, do Goi\u00e1s, marcou o segundo gol do time, que virou o placar para 2 a 1 antes do intervalo"},"2287141":{"titulo":"Ex-Flamengo \u00e9 anunciado como novo executivo do Remo","link":"https:\/\/www.futebolinterior.com.br\/ex-vice-flamengo-marcos-braz-sera-novo-executivo-remo\/","chapeu":"EXPERIENTE","data":"31\/05\/2025","imagem":"https:\/\/images.futebolinterior.com.br\/2025\/05\/Screenshot_8-300x206.webp","resumo":"Ex-Flamengo, Marcos Braz assume o futebol do Remo e chega para mudar o cen\u00e1rio azulino. Conhe\u00e7a os desafios e expectativas do novo dirigente no Baen\u00e3o!\n"},"2287077":{"titulo":"Coritiba 2 x 1 Ava\u00ed - Coxa embala terceira vit\u00f3ria e assume vice-lideran\u00e7a","link":"https:\/\/www.futebolinterior.com.br\/coritiba-2-x-1-avai-serie-b\/","chapeu":"UFA","data":"31\/05\/2025","imagem":"https:\/\/images.futebolinterior.com.br\/2025\/05\/Screenshot-2025-05-31-at-18-12-16-GsTmccZW0AAV-vq-imagem-JPEG-544-\u00d7-680-pixels-300x241.webp","resumo":"Coritiba vence duelo direto contra Ava\u00ed e assume vice-lideran\u00e7a da S\u00e9rie B"},"2286604":{"titulo":"S\u00c9RIE B: Cl\u00e1ssico paranaense e briga por G4 agitam o domingo","link":"https:\/\/www.futebolinterior.com.br\/serie-b-classico-paranaense-e-briga-por-g4\/","chapeu":"DIA DE CL\u00c1SSICO","data":"31\/05\/2025","imagem":"https:\/\/images.futebolinterior.com.br\/2025\/05\/Classico-paranaense-e-briga-por-G4-no-domingo-de-serie-b-300x180.webp","resumo":"As partidas s\u00e3o v\u00e1lidas pela 10\u00aa rodada da S\u00e9rie B do Campeonato Brasileiro"},"2286899":{"titulo":"Vila Nova 0 x 1 Novorizontino - Tigre paulista vence com gola\u00e7o e \u00e9 vice-l\u00edder","link":"https:\/\/www.futebolinterior.com.br\/vila-nova-0-x-1-novorizontino-tigre-paulista-vence-com-golaco-e-e-vice-lider\/","chapeu":"SUBINDO","data":"30\/05\/2025","imagem":"https:\/\/images.futebolinterior.com.br\/2025\/05\/Screenshot_17-1-300x195.webp","resumo":"Novorizontino venceu o Vila Nova, por 1 a 0, mesmo jogando fora de casa pela S\u00e9rie B"},"2286845":{"titulo":"Paysandu estreia sistema de biometria facial no Banpar\u00e1 Curuzu","link":"https:\/\/www.futebolinterior.com.br\/paysandu-estreia-biometria-facial\/","chapeu":"NOVIDADE","data":"30\/05\/2025","imagem":"https:\/\/images.futebolinterior.com.br\/2025\/05\/g7QJRhgG-Paysandu-3-300x200.webp","resumo":"O Paysandu implementou um novo sistema de acesso por biometria facial no est\u00e1dio Banpar\u00e1 Curuzu"},"2286804":{"titulo":"Athletico Paranaense tem interesse na contrata\u00e7\u00e3o de Carlos J\u00fanior","link":"https:\/\/www.futebolinterior.com.br\/athletico-pr-interesse-em-carlos-junior\/","chapeu":"INTERESSADO!","data":"30\/05\/2025","imagem":"https:\/\/images.futebolinterior.com.br\/2025\/05\/274497421_471958131298026_5045006717121220855_n-300x172.webp","resumo":" O Athletico Paranaense tem interesse na contrata\u00e7\u00e3o do atacante Carlos J\u00fanior, que pertence ao Al-Shabab e est\u00e1 emprestado ao Neom SC, da Ar\u00e1bia Saudita."},"2286792":{"titulo":"CRB acerta a contrata\u00e7\u00e3o de zagueiro do Joinville, e sonda atacante do Crici\u00fama","link":"https:\/\/www.futebolinterior.com.br\/crb-contratacao-zagueiro-do-joinville\/","chapeu":"CONTRATADO!","data":"30\/05\/2025","imagem":"https:\/\/images.futebolinterior.com.br\/2025\/05\/LeoCampos_JEC_GustavoMejia-300x223.webp","resumo":"O CRB acertou nesta sexta-feira (30), a contrata\u00e7\u00e3o do lateral-esquerdo L\u00e9o Campos, do Joinville."},"2286785":{"titulo":"Goi\u00e1s deve ter uma mudan\u00e7a para cl\u00e1ssico contra o Atl\u00e9tico-GO","link":"https:\/\/www.futebolinterior.com.br\/goias-mudanca-em-classico-atletico-go\/","chapeu":"JOG\u00c3O!","data":"30\/05\/2025","imagem":"https:\/\/images.futebolinterior.com.br\/2025\/05\/39-1-.avif","resumo":"O Goi\u00e1s deve ter tr\u00eas mudan\u00e7as para enfrentar o\u00a0Atl\u00e9tico-GO\u00a0no\u00a0cl\u00e1ssico\u00a0deste s\u00e1bado"},"2286769":{"titulo":"Crici\u00fama deve manter a escala\u00e7\u00e3o para confronto com o Paysandu","link":"https:\/\/www.futebolinterior.com.br\/criciuma-escalacao-confronto-paysandu\/","chapeu":"IGUAL!","data":"30\/05\/2025","imagem":"https:\/\/images.futebolinterior.com.br\/2025\/05\/whatsapp-image-2025-05-29-at-12.17.00.avif","resumo":"O t\u00e9cnico Eduardo Baptista n\u00e3o deve alterar a escala\u00e7\u00e3o do Crici\u00fama para a partida contra o Paysandu."}}