{"2287896":{"titulo":"T\u00e9cnico do CRB pede calma ap\u00f3s vit\u00f3ria na S\u00e9rie B: \"Caminhada \u00e9 muito longa\"","link":"https:\/\/www.futebolinterior.com.br\/tecnico-crb-pede-calma-vitoria\/","chapeu":"CAUTELA","data":"02\/06\/2025","imagem":"https:\/\/images.futebolinterior.com.br\/2025\/06\/barroca-cautela-crb-serie-b-300x211.webp","resumo":"CRB conquistou mais um triunfo e ficou pr\u00f3ximo ao G-4, mas comandante opta por cautela na sequ\u00eancia da Segundona"},"2288070":{"titulo":"S\u00e9rie B: T\u00e9cnico do Cuiab\u00e1 celebra boa fase e projeta duelo com o Paysandu","link":"https:\/\/www.futebolinterior.com.br\/tecnico-do-cuiaba-celebra-boa-fase\/","chapeu":"FOCADO","data":"02\/06\/2025","imagem":"https:\/\/images.futebolinterior.com.br\/2025\/06\/Tecnico-do-Cuiaba-celebra-boa-fase-na-Serie-B-300x200.webp","resumo":"Pela primeira vez na competi\u00e7\u00e3o, o Cuiab\u00e1 venceu uma partida com dois gols de vantagem"},"2288064":{"titulo":"S\u00e9rie B: Odair Hellmann revela recusas de jogadores ao Athletico-PR","link":"https:\/\/www.futebolinterior.com.br\/tecnico-revela-recusas-de-jogadores-ao-athletico\/","chapeu":"QUE FASE!","data":"02\/06\/2025","imagem":"https:\/\/images.futebolinterior.com.br\/2025\/06\/Odair-Hellmann-revela-recusa-ao-athletico-de-jogadores-300x188.webp","resumo":"Com participa\u00e7\u00e3o ativa nas buscas, Odair Hellmann tem sugerido nomes e avaliado op\u00e7\u00f5es junto \u00e0 diretoria do Athletico"},"2287993":{"titulo":"Roger Silva deixa o Athletic ap\u00f3s viver fim de semana marcante como torcedor","link":"https:\/\/www.futebolinterior.com.br\/roger-silva-deixa-o-athletic-apos-viver-fim-de-semana-marcante-como-torcedor\/","chapeu":"CAIU","data":"02\/06\/2025","imagem":"https:\/\/images.futebolinterior.com.br\/2025\/06\/IMG_0322-300x187.webp","resumo":""},"2287928":{"titulo":"S\u00e9rie B: Novorizontino vence a terceira seguida e Louzer celebra vaga no G4","link":"https:\/\/www.futebolinterior.com.br\/louzer-celebra-vitoria-do-novorizontino\/","chapeu":"BOA FASE","data":"02\/06\/2025","imagem":"https:\/\/images.futebolinterior.com.br\/2025\/06\/Tecnico-do-Novorizontino-celebra-vitoria-sobre-o-Vila-Nova-300x165.webp","resumo":"A vit\u00f3ria sobre o Vila Nova elevou o Novorizontino \u00e0 terceira coloca\u00e7\u00e3o provis\u00f3ria, com 19 pontos somados na 10\u00aa rodada"},"2287917":{"titulo":"Athletic-MG tem desfalque certo para pr\u00f3ximo desafio na S\u00e9rie B","link":"https:\/\/www.futebolinterior.com.br\/athletic-tem-desfalque-contra-o-amazonas\/","chapeu":"VAI MUDAR","data":"02\/06\/2025","imagem":"https:\/\/images.futebolinterior.com.br\/2025\/06\/Athletic-tem-desfalque-certo-para-encarar-o-Amazonas-300x185.webp","resumo":"Al\u00e9m do problema no meio-campo, o Athletic pode ter mais uma baixa, desta vez no setor ofensivo"},"2287889":{"titulo":"S\u00e9rie B: T\u00e9cnico da Ferrovi\u00e1ria revela busca por refor\u00e7os em janela extra","link":"https:\/\/www.futebolinterior.com.br\/tecnico-da-ferroviaria-busca-reforcos\/","chapeu":"AO MERCADO","data":"02\/06\/2025","imagem":"https:\/\/images.futebolinterior.com.br\/2025\/06\/Tecnico-da-Ferroviaria-revela-busca-por-reforcos-300x200.webp","resumo":"Com 12 pontos somados, a Ferrovi\u00e1ria ocupa a 13\u00aa coloca\u00e7\u00e3o na tabela da S\u00e9rie B"},"2287884":{"titulo":"Atacante do Volta Redonda celebra vit\u00f3ria na S\u00e9rie B: \"Brigar at\u00e9 o fim\"","link":"https:\/\/www.futebolinterior.com.br\/atacante-do-volta-redonda-celebra-vitoria\/","chapeu":"BOA FASE","data":"02\/06\/2025","imagem":"https:\/\/images.futebolinterior.com.br\/2025\/06\/Atacante-do-Volta-Redonda-celebra-vitoria-contra-o-America-MG-300x185.webp","resumo":"A vit\u00f3ria sobre o Coelho neste domingo (01) marcou o quinto jogo consecutivo de invencibilidade do Volta Redonda"},"2287799":{"titulo":"S\u00c9RIE B: Remo perde invencibilidade e Athletico-PR empata fora","link":"https:\/\/www.futebolinterior.com.br\/serie-b-remo-perde-invencibilidade\/","chapeu":"DOMING\u00c3O","data":"01\/06\/2025","imagem":"https:\/\/images.futebolinterior.com.br\/2025\/06\/54561251876_3230223ca1_c-300x200.webp","resumo":"Tr\u00eas jogos movimentaram a 10\u00aa rodada da S\u00e9rie B do Campeonato Brasileiro neste domingo"},"2287780":{"titulo":"Volta Redonda 1 x 0 Am\u00e9rica-MG \u2013 Vit\u00f3ria no apagar das luzes","link":"https:\/\/www.futebolinterior.com.br\/volta-redonda-1-x-0-america-mg\/","chapeu":"IMPORTANTE","data":"01\/06\/2025","imagem":"https:\/\/images.futebolinterior.com.br\/2025\/06\/SaveClip.App_502744560_1173817104758890_3888450356615968369_n-300x200.webp","resumo":"O resultado foi fundamental para o clube fluminense, que chegou aos 10 pontos e subiu para a 15\u00aa coloca\u00e7\u00e3o\n"}}