{"2295030":{"titulo":"Volta Redonda x Ava\u00ed - Onde assistir, arbitragem e escala\u00e7\u00f5es!","link":"https:\/\/www.futebolinterior.com.br\/volta-redonda-x-avai-serie-b\/","chapeu":"CONFIRA!","data":"16\/06\/2025","imagem":"https:\/\/images.futebolinterior.com.br\/2025\/06\/Volta-Redonda-e-Avai-se-enfrentam-na-Serie-B-300x198.webp","resumo":"Com 19 pontos, apenas dois atr\u00e1s do Coritiba, primeiro time no G4, o Ava\u00ed tenta fechar a rodada na zona de acesso"},"2295013":{"titulo":"S\u00e9rie B: Athletico-PR busca contrata\u00e7\u00e3o de executivo do Ava\u00ed","link":"https:\/\/www.futebolinterior.com.br\/athletico-pr-contratacao-executivo-avai\/","chapeu":"INTERESSE!","data":"16\/06\/2025","imagem":"https:\/\/images.futebolinterior.com.br\/2025\/06\/baixados-1-300x169.webp","resumo":"O Athletico-PR tem interesse na contrata\u00e7\u00e3o do executivo de futebol Eduardo Freeland, do Ava\u00ed. "},"2294949":{"titulo":"S\u00e9rie B: T\u00e9cnico do Goi\u00e1s prepara mudan\u00e7as para encarar o Athletic-MG","link":"https:\/\/www.futebolinterior.com.br\/goias-tera-mudancas-contra-o-athletic\/","chapeu":"VAI MUDAR","data":"16\/06\/2025","imagem":"https:\/\/images.futebolinterior.com.br\/2025\/06\/Goias-tera-mudancas-contra-o-Athletic-MG-300x159.webp","resumo":"O Goi\u00e1s ter\u00e1 a semana livre de treinos para se preparar para o duelo da 13\u00aa rodada"},"2295002":{"titulo":"CRB acerta renova\u00e7\u00e3o de contrato com o zagueiro Henri","link":"https:\/\/www.futebolinterior.com.br\/crb-renovacao-com-o-zagueiro-henri\/","chapeu":"RENOVOU!","data":"16\/06\/2025","imagem":"https:\/\/images.futebolinterior.com.br\/2025\/06\/Captura-de-tela-2025-06-16-143518-300x300.webp","resumo":"O CRB anunciou nesta segunda-feira (16), a renova\u00e7\u00e3o de contrato com o zagueiro Henri, um dos destaques da equipe alagoana nesta temporada."},"2294993":{"titulo":"Athletico-PR tem interesse em jogador do futebol portugu\u00eas","link":"https:\/\/www.futebolinterior.com.br\/athletico-pr-interesse-futebolportugues\/","chapeu":"SONDOU!","data":"16\/06\/2025","imagem":"https:\/\/images.futebolinterior.com.br\/2025\/06\/img_1280x720uu2024-10-25-14-35-47-2306036-300x169.webp","resumo":"O Athletico-PR demonstrou interesse na contrata\u00e7\u00e3o do volante Gustavo Assun\u00e7\u00e3o, volante do AVS, do Portugal."},"2294942":{"titulo":"Crici\u00fama encaminha sa\u00edda de goleiro e renova\u00e7\u00e3o com zagueiro","link":"https:\/\/www.futebolinterior.com.br\/criciuma-saidagoleiro-renovacaozagueiro\/","chapeu":"MUDAN\u00c7AS","data":"16\/06\/2025","imagem":"https:\/\/images.futebolinterior.com.br\/2025\/06\/caique.avif","resumo":"Os bastidores indicam uma poss\u00edvel sa\u00edda do goleiro Ca\u00edque do Crici\u00fama. O atleta j\u00e1 se despediu dos companheiros, e n\u00e3o deve seguir no clube. "},"2294944":{"titulo":"S\u00e9rie B: CRB pode ter retorno de atacante para encarar a Ferrovi\u00e1ria","link":"https:\/\/www.futebolinterior.com.br\/crb-pode-ter-retorno-contra-a-ferroviaria\/","chapeu":"REFOR\u00c7O","data":"16\/06\/2025","imagem":"https:\/\/images.futebolinterior.com.br\/2025\/06\/CRB-pode-ter-retorno-contra-a-Ferroviaria-300x186.webp","resumo":"O atacante Breno Herculano, que estava afastado ap\u00f3s passar por uma cirurgia odontol\u00f3gica, retornou aos treinos do CRB"},"2294929":{"titulo":"S\u00e9rie B: T\u00e9cnico do Am\u00e9rica-MG mant\u00e9m os p\u00e9s no ch\u00e3o e refor\u00e7a foco no acesso","link":"https:\/\/www.futebolinterior.com.br\/tecnico-do-america-mg-mantem-pes-no-chao\/","chapeu":"SEM ALARDE","data":"16\/06\/2025","imagem":"https:\/\/images.futebolinterior.com.br\/2025\/06\/Tecnico-do-America-MG-prega-pes-no-chao-300x200.webp","resumo":"Agora, o Am\u00e9rica volta suas aten\u00e7\u00f5es para o pr\u00f3ximo confronto, na sexta-feira (20), diante do Crici\u00fama, \u00e0s 21h35"},"2294905":{"titulo":"S\u00e9rie B: Oper\u00e1rio-PR acerta a contrata\u00e7\u00e3o do t\u00e9cnico Alex","link":"https:\/\/www.futebolinterior.com.br\/operario-acertacontratacao-tecnico-alex\/","chapeu":"FECHADO","data":"16\/06\/2025","imagem":"https:\/\/images.futebolinterior.com.br\/2025\/06\/captura-de-tela-2025-02-04-144359.avif","resumo":"O Oper\u00e1rio-PR acertou nesta segunda-feira (16), a contrata\u00e7\u00e3o do ex-jogador Alex de Souza para a sequ\u00eancia da S\u00e9rie B."},"2294876":{"titulo":"Botafogo-SP ter\u00e1 no m\u00ednimo oito desfalques contra a Chape","link":"https:\/\/www.futebolinterior.com.br\/botafogo-sp-tera-oito-desfalques-chape\/","chapeu":"MUDAN\u00c7AS","data":"16\/06\/2025","imagem":"https:\/\/images.futebolinterior.com.br\/2025\/06\/54244263945-0e4373cefb-k.avif","resumo":"O Botafogo-SP perdeu nesta sexta-feira (13) por 1 a 0 para o lanterna Paysandu, em Bel\u00e9m. "}}