{"2452779":{"titulo":"Botafogo reintegra goleiro ap\u00f3s mais de 40 dias afastado","link":"https:\/\/www.futebolinterior.com.br\/botafogo-reintegra-neto-apos-40-dias-afastado\/","chapeu":"REINTEGRADO","data":"02\/04\/2026","imagem":"https:\/\/images.futebolinterior.com.br\/2026\/04\/Neto-VitorSilva-Botafogo-2026-Brasileirao-300x161.webp","resumo":"Neto volta ao Botafogo ap\u00f3s 40 dias fora. Novo t\u00e9cnico Franclim Carvalho quer goleiro de volta ao time. Expectativa \u00e9 que ele retome posi\u00e7\u00e3o em breve.\n"},"2452784":{"titulo":"Vit\u00f3ria perde dupla de volantes titulares para duelo em Chapec\u00f3","link":"https:\/\/www.futebolinterior.com.br\/vitoria-perde-dupla\/","chapeu":"DESFALQUES","data":"02\/04\/2026","imagem":"https:\/\/images.futebolinterior.com.br\/2026\/04\/55175520183_035507c6be_c-300x200.webp","resumo":"Gabriel Baralhas e Emmanuel Mart\u00ednez cumprem suspens\u00e3o ap\u00f3s cart\u00f5es em Belo Horizonte"},"2452717":{"titulo":"Justi\u00e7a condena tr\u00eas da Mancha Alviverde por invas\u00e3o ao CT do Palmeiras","link":"https:\/\/www.futebolinterior.com.br\/justica-condena-tres-da-mancha-alviverde-por-invasao-ao-ct-do-palmeiras\/","chapeu":"PUNIDOS","data":"02\/04\/2026","imagem":"https:\/\/images.futebolinterior.com.br\/2026\/04\/Palmeiras-ct-entrada-300x189.webp","resumo":"Justi\u00e7a condena tr\u00eas integrantes da Mancha Alviverde por invas\u00e3o ao CT do Palmeiras. A invas\u00e3o \u00e0 Academia ocorreu em agosto de 2024."},"2452707":{"titulo":"Flamengo usa tecnologia para analisar comportamento de \u00e1rbitros","link":"https:\/\/www.futebolinterior.com.br\/flamengo-scout-arbitragem-maracana-jogos-preparacao\/","chapeu":"NOVO RECURSO","data":"02\/04\/2026","imagem":"https:\/\/images.futebolinterior.com.br\/2026\/04\/MiltonPereiraSampaio-Flamengo-Arbitro-Brasileirao-2026-300x156.webp","resumo":"Flamengo adota scout de arbitragem para entender perfis de ju\u00edzes e otimizar desempenho nos jogos, especialmente no Maracan\u00e3.\n"},"2452756":{"titulo":"Guanaes critica arbitragem e convoca torcida do Mirassol: \"Se mobilizem\"","link":"https:\/\/www.futebolinterior.com.br\/guanaes-critica-arbitragem\/","chapeu":"MOBILIZA\u00c7\u00c3O","data":"02\/04\/2026","imagem":"https:\/\/images.futebolinterior.com.br\/2026\/04\/1-300x200.webp","resumo":"Treinador aponta \"fatores extras\" em derrota para o Botafogo e pede apoio para encerrar jejum"},"2452706":{"titulo":"S\u00e3o Paulo deve dar mais espa\u00e7o \u00e0 base durante maratona de jogos","link":"https:\/\/www.futebolinterior.com.br\/roger-machado-base-sao-paulo-maratona-jogos-abril\/","chapeu":"COTIA EM ALTA","data":"02\/04\/2026","imagem":"https:\/\/images.futebolinterior.com.br\/2026\/04\/Erico-Leonan-Tete-2026-Brasileirao-Sao-Paulo-300x173.webp","resumo":"Roger Machado planeja dar espa\u00e7o aos jovens do S\u00e3o Paulo em s\u00e9rie de 8 jogos at\u00e9 abril, visando fortalecer o time para a temporada.\n"},"2452705":{"titulo":"Almer\u00eda reage com ironia \u00e0 cobran\u00e7a feita pelo Flamengo por L\u00e1zaro","link":"https:\/\/www.futebolinterior.com.br\/flamengo-cobra-almeria-divida-lazaro-resposta-ironica\/","chapeu":"DE OLHO","data":"02\/04\/2026","imagem":"https:\/\/images.futebolinterior.com.br\/2026\/04\/Almeria-Flamengo-Brasileirao-2026-300x168.webp","resumo":"Flamengo cobra Almer\u00eda por d\u00edvida de L\u00e1zaro, mas clube espanhol responde com ironia. Valor supera \u20ac 1,8 milh\u00e3o. Situa\u00e7\u00e3o ainda est\u00e1 na Justi\u00e7a.\n"},"2452709":{"titulo":"Fluminense v\u00ea Serna brilhar e aumentar disputa no ataque","link":"https:\/\/www.futebolinterior.com.br\/fluminense-supera-corinthians-serna-destaque-brasileirao-2026\/","chapeu":"DESTAQUE","data":"02\/04\/2026","imagem":"https:\/\/images.futebolinterior.com.br\/2026\/04\/Serna-Fluminense-2026-Brasileirao-300x189.webp","resumo":"Fluminense vence Corinthians por 3 a 1 no Maracan\u00e3. Serna brilha ao retornar \u00e0 titularidade, marcando presen\u00e7a em dois gols. Zubeld\u00eda comemora op\u00e7\u00f5es no ataque."},"2452667":{"titulo":"Vasco: Tch\u00ea Tch\u00ea vira pe\u00e7a-chave no esquema de Renato Ga\u00facho","link":"https:\/\/www.futebolinterior.com.br\/tche-tche-brilha-empate-vasco-coritiba-brasileirao-2026\/","chapeu":"DESTAQUE","data":"02\/04\/2026","imagem":"https:\/\/images.futebolinterior.com.br\/2026\/04\/TcheTche-Vasco-2026-Brasileirao-300x167.webp","resumo":"Tch\u00ea Tch\u00ea marca no empate do Vasco contra o Coritiba, refor\u00e7ando confian\u00e7a de Renato Ga\u00facho em jogo da 9\u00aa rodada do Brasileir\u00e3o 2026.\n"},"2452615":{"titulo":"Zubeld\u00eda celebra vit\u00f3ria do Fluminense e exalta desempenho ofensivo","link":"https:\/\/www.futebolinterior.com.br\/fluminense-vence-corinthians-brasileirao-2026\/","chapeu":"BRASILEIR\u00c3O","data":"02\/04\/2026","imagem":"https:\/\/images.futebolinterior.com.br\/2026\/04\/Zubeldia-Marina-Garcia-Fluminense-2026-Brasileirao-300x177.webp","resumo":"Fluminense vence Corinthians por 3 a 1, com gols de John Kennedy e Rodrigo Castillo, e alcan\u00e7a a vice-lideran\u00e7a do Brasileir\u00e3o 2026.\n"}}