{"2453256":{"titulo":"BRASILEIR\u00c3O: Cl\u00e1ssico carioca \u00e9 o destaque de s\u00e1bado","link":"https:\/\/www.futebolinterior.com.br\/brasileirao-classico-carioca-e-o-destaque-de-sabado-2\/","chapeu":"DETALHES","data":"03\/04\/2026","imagem":"https:\/\/images.futebolinterior.com.br\/2026\/04\/VASCO-X-BOTAFOGO-300x126.webp","resumo":"Saiba tudo sobre os jogos de s\u00e1bado da d\u00e9cima rodada do Brasileir\u00e3o. Os jogos online podem ser acompanhados no Placar ao Vivo."},"2453273":{"titulo":"Sele\u00e7\u00e3o FI da 9\u00aa rodada do Brasileir\u00e3o tem Neymar e destaques do Bahia","link":"https:\/\/www.futebolinterior.com.br\/selecao-fi-da-9a-rodada-do-brasileirao-tem-neymar-e-destaques-do-bahia\/","chapeu":"S\u00d3 CRAQUE","data":"03\/04\/2026","imagem":"https:\/\/images.futebolinterior.com.br\/2026\/03\/Neymar-300x139.webp","resumo":"Competi\u00e7\u00e3o \u00e9 organizada pela Confedera\u00e7\u00e3o Brasileira de Futebol (CBF) e tem a cobertura completa do Portal FUTEBOL INTERIOR"},"2452880":{"titulo":"Neymar leva o 3\u00ba amarelo e desfalca o Santos contra o Flamengo","link":"https:\/\/www.futebolinterior.com.br\/neymar-leva-o-3o-amarelo-e-desfalca-o-santos-contra-o-flamengo\/","chapeu":"MAIS UMA VEZ","data":"03\/04\/2026","imagem":"https:\/\/images.futebolinterior.com.br\/2026\/04\/Screenshot_934-300x269.webp","resumo":"A advert\u00eancia aconteceu na parte final do duelo, aos 40 minutos"},"2452971":{"titulo":"Flamengo-RJ sonha com a contrata\u00e7\u00e3o de Paulo Dybala","link":"https:\/\/www.futebolinterior.com.br\/flamengo-rj-sonha-com-a-contratacao-de-paulo-dybala\/","chapeu":"INTERESSE","data":"03\/04\/2026","imagem":"https:\/\/images.futebolinterior.com.br\/2025\/11\/DYBALA-300x146.webp","resumo":"Flamengo mira a contrata\u00e7\u00e3o de Dybala, meia que fez parte do elenco campe\u00e3o da Copa do Mundo de 2022 pela Argentina"},"2452937":{"titulo":"Cuca \"cobra\" Neymar por 3\u00ba amarelo: 'Poderia ter administrado'","link":"https:\/\/www.futebolinterior.com.br\/__trashed-302\/","chapeu":"N\u00c3O GOSTOU","data":"02\/04\/2026","imagem":"https:\/\/images.futebolinterior.com.br\/2026\/04\/Screenshot_937-300x195.webp","resumo":"Suspenso, Neymar n\u00e3o enfrenta os cariocas."},"2452908":{"titulo":"Dorival J\u00fanior n\u00e3o sabe mais o que fazer no Corinthians","link":"https:\/\/www.futebolinterior.com.br\/dorival-junior-nao-sabe-mais-o-que-fazer-no-corinthians\/","chapeu":"OPINI\u00c3O","data":"02\/04\/2026","imagem":"https:\/\/images.futebolinterior.com.br\/2025\/06\/Dorival-Junior-Corinthians-reproducao-300x170.webp","resumo":"Depois da exibi\u00e7\u00e3o med\u00edocre do Time da Fiel diante do Fluminense, o ideal \u00e9 que a diretoria corintiana mande o t\u00e9cnico embora."},"2452910":{"titulo":"Red Bull Bragantino 3 x 0 Flamengo - Toro Loko se imp\u00f5e e atropela o Meng\u00e3o","link":"https:\/\/www.futebolinterior.com.br\/red-bull-bragantino-3-x-0-flamengo-toro-loko-se-impoe-e-atropela-o-mengao\/","chapeu":"ATROPELOU","data":"02\/04\/2026","imagem":"https:\/\/images.futebolinterior.com.br\/2026\/04\/Screenshot_935-300x172.webp","resumo":"Toro Loko quebrou um jejum de seis jogos sem vencer, com direito a ol\u00e9 da torcida"},"2452459":{"titulo":"Palmeiras 2 x 1 Gr\u00eamio - Verd\u00e3o segue isolado no topo do Brasileir\u00e3o","link":"https:\/\/www.futebolinterior.com.br\/palmeiras-2-1-gremio-brasileirao\/","chapeu":"EM ALTA","data":"02\/04\/2026","imagem":"https:\/\/images.futebolinterior.com.br\/2026\/04\/palmeiras-vence-gremio-isolado-lideranca-brasileirao-300x169.webp","resumo":"Palmeiras mostra maior efetividade nos chutes em jogo bastante equilibrado, se mant\u00e9m firme na lideran\u00e7a da S\u00e9rie A"},"2452912":{"titulo":"BRASILEIR\u00c3O: Palmeiras vence Gr\u00eamio e lidera; Santos bate Remo com brilho de Neymar","link":"https:\/\/www.futebolinterior.com.br\/brasileirao-palmeiras-santos-neymar\/","chapeu":"QUINTOU","data":"02\/04\/2026","imagem":"https:\/\/images.futebolinterior.com.br\/2026\/04\/HE8FqMvaYAASPEG-300x200.webp","resumo":"Rodada do Brasileir\u00e3o destaca vit\u00f3ria do Massa Bruta sobre o Flamengo e manuten\u00e7\u00e3o do Verd\u00e3o no topo\n"},"2452884":{"titulo":"Botafogo: CBF divulga \u00e1udio do VAR em duelo contra o Mirassol","link":"https:\/\/www.futebolinterior.com.br\/var-penalti-botafogo-mirassol-brasileirao\/","chapeu":"DECIS\u00c3O VAR","data":"02\/04\/2026","imagem":"https:\/\/images.futebolinterior.com.br\/2026\/04\/vitorSilva-Botafogo-AlexTelles-2026-300x165.webp","resumo":"CBF divulga an\u00e1lise do VAR que confirma p\u00eanalti para o Botafogo ap\u00f3s falta de Walter em Medina, na vit\u00f3ria por 3 a 2 sobre o Mirassol pelo Brasileir\u00e3o.\n"}}