{"2461550":{"titulo":"Botafogo ter\u00e1 retorno importante para duelo com a Chapecoense","link":"https:\/\/www.futebolinterior.com.br\/botafogo-chapecoense-correa-elenco-campeonato-brasileiro\/","chapeu":"PREPARA\u00c7\u00c3O","data":"17\/04\/2026","imagem":"https:\/\/images.futebolinterior.com.br\/2026\/04\/K0xHrCtv-JoaquinCorrea-Botafogo-VitorSilva-2026-300x182.webp","resumo":"Botafogo ter\u00e1 Joaqu\u00edn Correa contra a Chapecoense na Arena Cond\u00e1. Argentino \u00e9 a novidade na lista de relacionados para o confronto deste s\u00e1bado, \u00e0s 18h30.\n"},"2461540":{"titulo":"Viery \u00e9 julgado e desfalca o Gr\u00eamio contra o Cruzeiro","link":"https:\/\/www.futebolinterior.com.br\/viery-suspenso-expulsao-gre-nal-452-stjd-cruzeiro\/","chapeu":"AL\u00cdVIO TRICOLOR","data":"17\/04\/2026","imagem":"https:\/\/images.futebolinterior.com.br\/2026\/04\/Viery-LucasUebel-Gremio-2026-Brasileirao-300x157.webp","resumo":"Zagueiro Viery pega um jogo de suspens\u00e3o ap\u00f3s expuls\u00e3o no Gre-Nal 452. Jogador cumpre pena contra o Cruzeiro. Vitor Severino e B\u00e1rbara Fonseca s\u00e3o absolvidos."},"2461536":{"titulo":"Fluminense encara desfalques antes de enfrentar o Santos","link":"https:\/\/www.futebolinterior.com.br\/fluminense-desfalques-santos-brasileirao-2026\/","chapeu":"DESFALQUES","data":"17\/04\/2026","imagem":"https:\/\/images.futebolinterior.com.br\/2026\/04\/LucasMercon-Fluminense-2026-Brasileirao-300x166.webp","resumo":"Fluminense enfrenta o Santos na Vila Belmiro com desfalques importantes. Les\u00f5es e suspens\u00f5es obrigam Zubeld\u00eda a ajustar a escala\u00e7\u00e3o para a 12\u00aa rodada do Brasileir\u00e3o.\n"},"2461530":{"titulo":"Palmeiras x Athletico-PR - Onde assistir, escala\u00e7\u00f5es e arbitragem","link":"https:\/\/www.futebolinterior.com.br\/palmeiras-athletico-pr-lideranca-brasileirao-2026\/","chapeu":"LIDERAN\u00c7A","data":"17\/04\/2026","imagem":"https:\/\/images.futebolinterior.com.br\/2026\/03\/PAlmeiras-AllianzParque-2026-Paulistao-300x177.webp","resumo":"L\u00edder Palmeiras encara o Athletico-PR no Allianz Parque buscando manter vantagem no topo da tabela do Brasileir\u00e3o."},"2461521":{"titulo":"S\u00e3o Paulo se anima com avan\u00e7o na recupera\u00e7\u00e3o de Lucas Moura","link":"https:\/\/www.futebolinterior.com.br\/lucas-moura-recuperacao-sao-paulo-vasco-brasileirao\/","chapeu":"DE VOLTA?","data":"17\/04\/2026","imagem":"https:\/\/images.futebolinterior.com.br\/2026\/04\/Lucas-2026-Brasileirao-300x168.webp","resumo":"Lucas Moura d\u00e1 passos importantes na recupera\u00e7\u00e3o de fratura nas costelas e pode retornar antes da pausa para a Copa do Mundo. Saiba mais sobre o estado do jogador.\n"},"2461493":{"titulo":"Vasco x S\u00e3o Paulo - Onde assistir, escala\u00e7\u00f5es e arbitragem","link":"https:\/\/www.futebolinterior.com.br\/sao-paulo-vasco-brasileirao-sao-januario-2026\/","chapeu":"CONFRONTO","data":"17\/04\/2026","imagem":"https:\/\/images.futebolinterior.com.br\/2026\/04\/Vasco-2026-Brasileirao-SaoPaulo-300x165.webp","resumo":"S\u00e3o Paulo visita o Vasco buscando recupera\u00e7\u00e3o no Brasileir\u00e3o, enquanto cariocas tentam sair da m\u00e1 fase na competi\u00e7\u00e3o."},"2461475":{"titulo":"Flamengo x Bahia - Onde assistir, escala\u00e7\u00f5es e arbitragem","link":"https:\/\/www.futebolinterior.com.br\/flamengo-bahia-maracana-tabu-palmeiras-brasileirao-2026\/","chapeu":"TABU LONGO","data":"17\/04\/2026","imagem":"https:\/\/images.futebolinterior.com.br\/2025\/11\/Torcida-Flamengo-Maracana-300x197.webp","resumo":"Flamengo recebe o Bahia no Maracan\u00e3 buscando encurtar dist\u00e2ncia para o Palmeiras e manter tabu de 32 anos no Brasileir\u00e3o."},"2461340":{"titulo":"Clubes, amigos e mundo esportivo se despedem de Oscar Schmidt","link":"https:\/\/www.futebolinterior.com.br\/clubes-amigos-e-mundo-esportivo-se-despedem-de-oscar-schmidt\/","chapeu":"DESPEDIDA","data":"17\/04\/2026","imagem":"https:\/\/images.futebolinterior.com.br\/2026\/04\/Screenshot_1008-300x247.webp","resumo":"'Oscar liderou o Corinthians ao seu \u00faltimo t\u00edtulo nacional, conquistado em junho de 1996.\""},"2461451":{"titulo":"Chapecoense prepara homenagem \u00e0s v\u00edtimas da trag\u00e9dia de 2016","link":"https:\/\/www.futebolinterior.com.br\/chapecoense-amistoso-atletico-nacional-homenagem-tragedia-2016\/","chapeu":"HOMENAGEM","data":"17\/04\/2026","imagem":"https:\/\/images.futebolinterior.com.br\/2026\/04\/Chapecoense-Luiz-Ferrazzo-2026-Brasileirao-300x166.webp","resumo":"Chapecoense organiza amistoso com Atl\u00e9tico Nacional para homenagear v\u00edtimas do tr\u00e1gico acidente a\u00e9reo de 2016, marcando dez anos do ocorrido.\n"},"2461374":{"titulo":"Vit\u00f3ria x Corinthians - Onde assistir, escala\u00e7\u00f5es e arbitragem","link":"https:\/\/www.futebolinterior.com.br\/corinthians-vitoria-diniz-brasileirao-2026\/","chapeu":"BRASILEIR\u00c3O","data":"17\/04\/2026","imagem":"https:\/\/images.futebolinterior.com.br\/2026\/03\/Barradao-Vitoria-VictorFerreira-1-300x169.webp","resumo":"Corinthians de Fernando Diniz visita o Vit\u00f3ria em Salvador buscando manter invencibilidade e superar desfalques no Brasileir\u00e3o."}}