{"2462600":{"titulo":"Gabriel Braz\u00e3o deve desfalcar o Santos contra o Coritiba","link":"https:\/\/www.futebolinterior.com.br\/brazao-deve-desfalcar-santos-contra-o-coritiba\/","chapeu":"LUTO!","data":"20\/04\/2026","imagem":"https:\/\/images.futebolinterior.com.br\/2026\/04\/Gabriel-Brazaodeve-desfalcar-o-santos-300x168.webp","resumo":"O Santos revelou a triste not\u00edcia e anunciou que prestar\u00e1 um minuto de sil\u00eancio em homenagem ao pai do jovem goleiro"},"2462560":{"titulo":"Neymar se irrita ap\u00f3s ter gesto interpretado como provoca\u00e7\u00e3o: 'Est\u00e3o pegando pesado'","link":"https:\/\/www.futebolinterior.com.br\/neymar-se-irrita-apos-ter-gesto-interpretado-como-provocacao-estao-pegando-pesado\/","chapeu":"DE NOVO!","data":"20\/04\/2026","imagem":"https:\/\/images.futebolinterior.com.br\/2026\/04\/neymar-300x169.avif","resumo":"Segundo alguns torcedores, o camisa 10 agiu desta forma para n\u00e3o ouvir as vaias"},"2462559":{"titulo":"Exame descarta les\u00e3o grave e flamenguista Lucas Paquet\u00e1 continua sonhando com Copa","link":"https:\/\/www.futebolinterior.com.br\/exame-descarta-lesao-grave-e-flamenguista-lucas-paqueta-continua-sonhando-com-copa\/","chapeu":"UFA!","data":"20\/04\/2026","imagem":"https:\/\/images.futebolinterior.com.br\/2026\/04\/paqueta_flamengo-300x169.webp","resumo":"Paquet\u00e1 se machucou j\u00e1 na reta final do confronto com o Bahia, vencido por 2 a 0 no Maracan\u00e3"},"2462505":{"titulo":"Neymar desabafa ap\u00f3s derrota do Santos e nega provoca\u00e7\u00e3o \u00e0 torcida","link":"https:\/\/www.futebolinterior.com.br\/neymar-desabafa-santos\/","chapeu":"DESABAFO","data":"20\/04\/2026","imagem":"https:\/\/images.futebolinterior.com.br\/2026\/04\/captura-de-tela-2026-04-19-194010-300x181.webp","resumo":"Neymar rebate cr\u00edticas ap\u00f3s gesto na derrota do Santos para o Fluminense"},"2462418":{"titulo":"Vitor Roque comemora vit\u00f3ria do Palmeiras: 'Feliz por voltar'","link":"https:\/\/www.futebolinterior.com.br\/vitor-roque-comemora-vitoria-do-palmeiras-feliz-por-voltar\/","chapeu":"DE VOLTA","data":"19\/04\/2026","imagem":"https:\/\/images.futebolinterior.com.br\/2026\/04\/vitor-roque-300x163.avif","resumo":"Vitor Roque volta a jogar pelo Palmeiras na vit\u00f3ria contra o Athletico-PR pelo Brasileir\u00e3o. Veja detalhes do jogo e as declara\u00e7\u00f5es do atacante ap\u00f3s a les\u00e3o."},"2462417":{"titulo":"BRASILEIR\u00c3O: Palmeiras mant\u00e9m vantagem na ponta e Mirassol reage","link":"https:\/\/www.futebolinterior.com.br\/brasileirao-palmeiras-mantem-vantagem-na-ponta-e-mirassol-reage\/","chapeu":"CADA DETALHE","data":"19\/04\/2026","imagem":"https:\/\/images.futebolinterior.com.br\/2026\/04\/Screenshot_20-300x184.webp","resumo":"Confira o resumo da 12\u00aa rodada do Brasileir\u00e3o 2026. Palmeiras segue l\u00edder, cariocas vencem e Mirassol bate o Inter no Beira-Rio. Veja a tabela de classifica\u00e7\u00e3o."},"2462397":{"titulo":"Flamengo 2 x 0 Bahia - Vit\u00f3ria em noite de festa a Oscar Schmidt","link":"https:\/\/www.futebolinterior.com.br\/flamengo-2-x-0-bahia-vitoria-em-noite-de-festa-a-oscar-schmidt\/","chapeu":"EMO\u00c7\u00c3O","data":"19\/04\/2026","imagem":"https:\/\/images.futebolinterior.com.br\/2026\/04\/Flamengo-Arrascaeta-gol-CRF-300x190.webp","resumo":"O time baiano continua com 20 pontos, agora em quinto lugar, e segue como fregu\u00eas, sem vencer o time carioca h\u00e1 32 anos. "},"2462181":{"titulo":"PLACAR FI: Confira TODOS os RESULTADOS do DOMINGO!","link":"https:\/\/www.futebolinterior.com.br\/placar-fi-todos-resultados-domingo\/","chapeu":"RESUM\u00c3O","data":"19\/04\/2026","imagem":"https:\/\/images.futebolinterior.com.br\/2026\/04\/TODOS-OS-RESULTADOS-DOMINGO-300x172.webp","resumo":"Placar FI\u00a0em a\u00e7\u00e3o. O domingo foi movimentado no futebol brasileiro e mundial"},"2462337":{"titulo":"'Se cair um raio, cai no gol do Santos', diz o auxiliar Cuquinha","link":"https:\/\/www.futebolinterior.com.br\/se-cair-um-raio-cai-no-gol-do-santos-diz-o-auxiliar-cuquinha\/","chapeu":"DESABAFO","data":"19\/04\/2026","imagem":"https:\/\/images.futebolinterior.com.br\/2026\/04\/Screenshot_14-300x212.webp","resumo":"Auxiliar Cuquinha analisa derrota do Santos para o Fluminense e desabafa sobre fase do time: \"Se cair um raio, cai dentro do gol\". Veja os detalhes e pr\u00f3ximos jogos."},"2462264":{"titulo":"Barreal aponta problemas dentro e fora de campo no Santos","link":"https:\/\/www.futebolinterior.com.br\/barreal-aponta-problemas-no-santos\/","chapeu":"CONFIRA!","data":"19\/04\/2026","imagem":"https:\/\/images.futebolinterior.com.br\/2026\/04\/Barreal-aponta-problemas-no-Santos-300x179.webp","resumo":"O Santos volta a jogar na quarta-feira, mais uma vez na Vila Belmiro - o quarto jogo seguido - quando ter\u00e1 pela frente o Coritiba"}}