{"2381757":{"titulo":"'Se o Oscar decidir parar, a gente apoia e vamos negociar a sa\u00edda', diz diretor do S\u00e3o Paulo","link":"https:\/\/www.futebolinterior.com.br\/situacao-oscar-sao-paulo-coracao\/","chapeu":"OFICIAL","data":"12\/11\/2025","imagem":"https:\/\/images.futebolinterior.com.br\/2025\/11\/Oscar-300x158.webp","resumo":"Presidente do S\u00e3o Paulo, Julio Casares tamb\u00e9m se manifestou sobre o estado de sa\u00fade do meio-campista, com quem conversou ap\u00f3s a interna\u00e7\u00e3o"},"2381621":{"titulo":"Mattos defende Neymar ap\u00f3s pol\u00eamica no Santos: \"G\u00eanio\"","link":"https:\/\/www.futebolinterior.com.br\/mattos-defende-neymar-apos-polemica\/","chapeu":"NEYDEPEND\u00caNCIA?","data":"11\/11\/2025","imagem":"https:\/\/images.futebolinterior.com.br\/2025\/11\/Neymar-e-bancado-por-Alexandre-Mattos-no-Santos-300x201.webp","resumo":"Mattos fez quest\u00e3o de exaltar o lado humano de Neymar e bancar o camisa 10 santista"},"2381603":{"titulo":"Oscar \u00e9 internado ap\u00f3s problema card\u00edaco no S\u00e3o Paulo","link":"https:\/\/www.futebolinterior.com.br\/oscar-e-internado-spfc\/","chapeu":"EXAMES","data":"11\/11\/2025","imagem":"https:\/\/images.futebolinterior.com.br\/2025\/11\/Oscar-sao-paulo-300x200.webp","resumo":"O jogador apresentou um problema card\u00edaco quando realizava exames"},"2381570":{"titulo":"Atl\u00e9tico-MG x Fortaleza - Onde assistir, escala\u00e7\u00f5es e arbitragem","link":"https:\/\/www.futebolinterior.com.br\/atletico-mg-x-fortaleza-brasileirao\/","chapeu":"BRASILEIR\u00c3O","data":"11\/11\/2025","imagem":"https:\/\/images.futebolinterior.com.br\/2025\/11\/Altetico-MG-e-Fortaleza-se-enfrentam-na-Serie-B-300x200.webp","resumo":"O Atl\u00e9tico ocupa a nona coloca\u00e7\u00e3o e est\u00e1 apenas dois atr\u00e1s do S\u00e3o Paulo, oitavo colocado, e oito do Fluminense, primeiro time no G7"},"2381419":{"titulo":"Atl\u00e9tico-MG confirma a sa\u00edda do CEO Bruno Muzzi","link":"https:\/\/www.futebolinterior.com.br\/atletico-mg-a-saida-do-ceo-bruno-muzzi\/","chapeu":"FIM DE CICLO","data":"11\/11\/2025","imagem":"https:\/\/images.futebolinterior.com.br\/2025\/11\/image-1-300x150.webp","resumo":"Na manh\u00e3 desta ter\u00e7a-feira (11), o Atl\u00e9tico-MG anunciou por meio de nota oficial, a sa\u00edda de Bruno Muzzi do cargo de CEO da SAF atleticana."},"2381385":{"titulo":"L\u00e9o Cond\u00e9, t\u00e9cnico do Cear\u00e1, quebra tabu jogando em S\u00e3o Paulo","link":"https:\/\/www.futebolinterior.com.br\/leo-conde-comemora-vitoria-ceara-2\/","chapeu":"BOM MOMENTO","data":"11\/11\/2025","imagem":"https:\/\/images.futebolinterior.com.br\/2025\/11\/image-300x190.webp","resumo":"Com uma estrat\u00e9gia espec\u00edfica para a partida, o treinador destacou a entrega do elenco para assegurar o resultado positivo na capital paulista"},"2381300":{"titulo":"Flamengo quer perda de pontos a clubes em recupera\u00e7\u00e3o judicial","link":"https:\/\/www.futebolinterior.com.br\/flamengo-quer-perda-de-pontos-a-clubes-em-recuperacao-judicial\/","chapeu":"PUNI\u00c7\u00c3O","data":"10\/11\/2025","imagem":"https:\/\/images.futebolinterior.com.br\/2025\/11\/Bap-flamengo-reproducao-flatv-300x190.webp","resumo":"Segundo o time carioca, as dez propostas buscam contribuir para o aprimoramento das pr\u00e1ticas de governan\u00e7a e sustentabilidade no futebol brasileiro."},"2381290":{"titulo":"Vit\u00f3ria empata com Botafogo e t\u00e9cnico lamenta chance perdida","link":"https:\/\/www.futebolinterior.com.br\/vitoria-empata-botafogo-brasileirao-2025-33-rodada\/","chapeu":"SEM GOLS","data":"10\/11\/2025","imagem":"https:\/\/images.futebolinterior.com.br\/2025\/11\/JairVentura-Vitoria-300x187.webp","resumo":"Vit\u00f3ria e Botafogo ficam no 0 a 0 no Barrad\u00e3o pela 33\u00aa rodada do Brasileir\u00e3o 2025."},"2381291":{"titulo":"Vasco v\u00ea evolu\u00e7\u00e3o de Coutinho, mas cobran\u00e7a por gols continua","link":"https:\/\/www.futebolinterior.com.br\/coutinho-vasco-busca-gols-diniz-defende-desempenho-brasileirao-2025\/","chapeu":"COBRAN\u00c7A","data":"10\/11\/2025","imagem":"https:\/\/images.futebolinterior.com.br\/2025\/11\/Coutinho-MatheusLima-2025-300x206.webp","resumo":"Coutinho tenta retomar protagonismo no Vasco, soma 11 gols em 2025 e recebe apoio de Diniz."},"2381296":{"titulo":"Flamengo cutuca Palmeiras: prop\u00f5e fim do sint\u00e9tico","link":"https:\/\/www.futebolinterior.com.br\/flamengo-fim-gramado-sintetico-regras-serie-a-fair-play-financeiro-cbf\/","chapeu":"FAIR PLAY","data":"10\/11\/2025","imagem":"https:\/\/images.futebolinterior.com.br\/2025\/11\/Werner-Flister-Palmeiras-300x161.webp","resumo":"Flamengo prop\u00f5e eliminar campos artificiais e endurecer regras para clubes em recupera\u00e7\u00e3o judicial."}}