{"2255238":{"titulo":"Igor Cari\u00fas leva bolada no rosto e deixa MorumBis de ambul\u00e2ncia","link":"https:\/\/www.futebolinterior.com.br\/igor-carius-leva-bolada-no-rosto-e-deixa-morumbis-de-ambulancia\/","chapeu":"SUSTO","data":"30\/03\/2025","imagem":"https:\/\/images.futebolinterior.com.br\/2025\/03\/sao-paulo-sport-SCR-300x179.jpg","resumo":"O jogador foi retirado de campo preso a uma maca e com prote\u00e7\u00e3o cervical por precau\u00e7\u00e3o. O atendimento ao atleta levou cerca de 5 minutos."},"2255147":{"titulo":"BRASILEIR\u00c3O: Paulistas trope\u00e7am e gringo marca o primeiro gol do campeonato","link":"https:\/\/www.futebolinterior.com.br\/brasileirao-paulistas-tropecam-e-gringo-marca-o-primeiro-gol-do-campeonato\/","chapeu":"COME\u00c7OU","data":"29\/03\/2025","imagem":"https:\/\/images.futebolinterior.com.br\/2025\/03\/WhatsApp-Image-2025-03-29-at-21.33.53-2-300x200.jpeg","resumo":"Gr\u00eamio venceu o Atl\u00e9tico-MG por 2 a 1 na Arena, com gols de Arezo e Eden\u00edlson."},"2254831":{"titulo":"PLACAR FI: Com mais 7 campe\u00f5es ESTADUAIS, confira os resultados de S\u00c1BADO","link":"https:\/\/www.futebolinterior.com.br\/confira-o-placar-fi-deste-sabado-14\/","chapeu":"RESUM\u00c3O","data":"29\/03\/2025","imagem":"https:\/\/images.futebolinterior.com.br\/2025\/03\/image-397-300x125.png","resumo":"O Portal Futebol Interior traz o PLACAR FI com todos os resultados deste s\u00e1bado (29)"},"2255168":{"titulo":"Flamengo 1 x 1 Internacional - Em jogo t\u00e1tico, Meng\u00e3o e Colorado empatam no Maracan\u00e3","link":"https:\/\/www.futebolinterior.com.br\/flamengo-1-x-1-internacional-mengao-busca-o-empate-diante-do-colorado\/","chapeu":"UM L\u00c1, UM C\u00c1","data":"29\/03\/2025","imagem":"https:\/\/images.futebolinterior.com.br\/2025\/03\/Screenshot_460.jpg","resumo":"Campe\u00f5es de seus respecitvos estaduais, Flamengo e Internacinal trocaram faixas no Maracan\u00e3"},"2255208":{"titulo":"Rafael Guanaes v\u00ea derrota injusta e destaca boa estreia do Mirassol na elite: \u201cdemos \u00f3timo recado\u201d","link":"https:\/\/www.futebolinterior.com.br\/rafael-guanaes-ve-derrota-injusta-e-destaca-boa-estreia-do-mirassol-na-elite-demos-otimo-recado\/","chapeu":"PROMISSOR","data":"29\/03\/2025","imagem":"https:\/\/images.futebolinterior.com.br\/2025\/03\/image-396-300x200.png","resumo":"A equipe paulista volta a campo no pr\u00f3ximo domingo (6), quando recebe o Fortaleza"},"2255172":{"titulo":"Volante admite atua\u00e7\u00e3o ruim do S\u00e3o Paulo e pede paci\u00eancia ap\u00f3s vaias","link":"https:\/\/www.futebolinterior.com.br\/volante-admite-atuacao-ruim-do-sao-paulo-e-pede-paciencia-apos-vaias\/","chapeu":"AUTOCR\u00cdTICA","data":"29\/03\/2025","imagem":"https:\/\/images.futebolinterior.com.br\/2025\/03\/54418462639_a87ee01a0f_o-300x200.jpg","resumo":"\"Sou o primeiro a fazer autocr\u00edtica e temos muito a evoluir.\""},"2255108":{"titulo":"Vice paulista, Palmeiras pode ter surpresas na estreia do Brasileir\u00e3o","link":"https:\/\/www.futebolinterior.com.br\/vice-paulista-palmeiras-pode-ter-surpresas-na-estreia-do-brasileirao\/","chapeu":"MAIS CALMOS?","data":"29\/03\/2025","imagem":"https:\/\/images.futebolinterior.com.br\/2025\/03\/weverton-1-300x169.jpg","resumo":"Time alviverde inicia a competi\u00e7\u00e3o em busca do seu 13\u00ba t\u00edtulo brasileiro "},"2255109":{"titulo":"Gr\u00eamio 2 x 1 Atl\u00e9tico-MG - Tricolor faz grande 1\u00ba tempo e vence na estreia","link":"https:\/\/www.futebolinterior.com.br\/gremio-2-x-1-atletico-mg-tricolor-faz-grande-1o-tempo-e-vence-na-estreia\/","chapeu":"UIA!","data":"29\/03\/2025","imagem":"https:\/\/images.futebolinterior.com.br\/2025\/03\/54418581778_cfa5afddbf_c-300x200.jpg","resumo":"O Gr\u00eamio alivia a press\u00e3o ap\u00f3s a perda do t\u00edtulo no Campeonato Ga\u00facho para o rival Inter"},"2255074":{"titulo":"Cruzeiro 2 x 1 Mirassol - Raposa vence debutante da S\u00e9rie A","link":"https:\/\/www.futebolinterior.com.br\/cruzeiro-2-x-1-mirassol-raposa-vence-debutante-da-serie-a\/","chapeu":"VIT\u00d3RIA","data":"29\/03\/2025","imagem":"https:\/\/images.futebolinterior.com.br\/2025\/03\/54417316062_8f1d2117c9_o-300x200.jpg","resumo":"Mesmo com o rev\u00e9s, o Mirassol fez um bom jogo e deixou uma impress\u00e3o positiva na estreia"},"2254888":{"titulo":"Juventude 2 x 0 Vit\u00f3ria - Taliari brilha e Jaconero estreia com moral","link":"https:\/\/www.futebolinterior.com.br\/juventude-2-x-0-vitoria-brasileirao\/","chapeu":"DEU JACO!","data":"29\/03\/2025","imagem":"https:\/\/images.futebolinterior.com.br\/2025\/03\/Juventude-bate-Vitoria-no-Brasileirao-1-300x200.jpg","resumo":"Com o resultado, o Juventude foi a tr\u00eas pontos e inicia a competi\u00e7\u00e3o nacional no pelot\u00e3o de cima"}}