{"2255471":{"titulo":"Weverton elogia empate do Palmeiras, mas admite: 'Temos que melhorar'","link":"https:\/\/www.futebolinterior.com.br\/weverton-elogia-empate-do-palmeiras\/","chapeu":"GOSTOU?","data":"30\/03\/2025","imagem":"https:\/\/images.futebolinterior.com.br\/2025\/03\/Weverton-elogia-empate-do-Palmeiras-contra-o-Botafogo-300x169.jpg","resumo":"Weverton foi eleito o melhor do jogo com os cariocas, atuais campe\u00f5es nacionais"},"2255368":{"titulo":"Palmeiras 0 x 0 Botafogo - Estreia fraca dos \u00faltimos campe\u00f5es","link":"https:\/\/www.futebolinterior.com.br\/palmeiras-0-x-0-botafogo-brasileirao\/","chapeu":"SEM SAL","data":"30\/03\/2025","imagem":"https:\/\/images.futebolinterior.com.br\/2025\/03\/Palmeiras-e-Botafogo-empatam-no-Brasileirao-300x169.jpg","resumo":"O Botafogo foi tudo o que n\u00e3o conseguiu ser o Palmeiras: organizado, bem armado, paciente, produtivo e inteligente"},"2255312":{"titulo":"T\u00e9cnico do Sport exalta empate diante do S\u00e3o Paulo: \"Equipe soube sofrer\"","link":"https:\/\/www.futebolinterior.com.br\/tecnico-sport-exalta-empate-sao-paulo\/","chapeu":"POSITIVO","data":"30\/03\/2025","imagem":"https:\/\/images.futebolinterior.com.br\/2025\/03\/pepa-exalta-empate-sport-300x200.jpg","resumo":"Sport consegue empate fora de casa frente aos s\u00e3o-paulinos, o que n\u00e3o acontecia h\u00e1 sete anos no Brasileir\u00e3o"},"2255343":{"titulo":"Zubeld\u00eda admite press\u00e3o no S\u00e3o Paulo ap\u00f3s torcida pedir por Dorival J\u00fanior: 'N\u00e3o \u00e9 f\u00e1cil'","link":"https:\/\/www.futebolinterior.com.br\/zubeldia-admite-pressao-no-sao-paulo-apos-torcida-pedir-por-dorival-junior-nao-e-facil\/","chapeu":"EITA!","data":"30\/03\/2025","imagem":"https:\/\/images.futebolinterior.com.br\/2025\/03\/sp-300x218.webp","resumo":"O S\u00e3o Paulo ter\u00e1 a chance de responder \u00e0s cr\u00edticas e demonstrar evolu\u00e7\u00e3o j\u00e1 nesta quarta-feira. A equipe enfrenta o Talleres, na Argentina,"},"2255332":{"titulo":"Cuca admite car\u00eancia no Atl\u00e9tico-MG e promete refor\u00e7os: 'Estamos em reconstru\u00e7\u00e3o'","link":"https:\/\/www.futebolinterior.com.br\/cuca-admite-carencia-no-atletico-mg-e-promete-reforcos-estamos-em-reconstrucao\/","chapeu":"AINDA?","data":"30\/03\/2025","imagem":"https:\/\/images.futebolinterior.com.br\/2025\/03\/54417466137_437bc43b4b_o-300x200.jpg","resumo":"\"Ainda vamos fortalecer o nosso elenco, temos essa necessidade, mas tudo no seu tempo\""},"2255327":{"titulo":"Felipe Melo detona Mano Menezes ap\u00f3s demiss\u00e3o no Fluminense: 'Demorou, n\u00e9?'","link":"https:\/\/www.futebolinterior.com.br\/felipe-melo-detona-mano-menezes-apos-demissao-no-fluminense-demorou-ne\/","chapeu":"CR\u00cdTICAS","data":"30\/03\/2025","imagem":"https:\/\/images.futebolinterior.com.br\/2025\/03\/Screenshot_466-300x193.jpg","resumo":""},"2255296":{"titulo":"Filipe Lu\u00eds despista sobre sele\u00e7\u00e3o brasileira: \"Tenho contrato com o Flamengo\"","link":"https:\/\/www.futebolinterior.com.br\/filipe-luis-despista-sobre-selecao-brasileira-tenho-contrato-com-o-flamengo\/","chapeu":"COTADO","data":"30\/03\/2025","imagem":"https:\/\/images.futebolinterior.com.br\/2025\/03\/Screenshot_463-300x172.jpg","resumo":"\"Voc\u00eas me conhecem, tenho contrato com o Flamengo\""},"2255285":{"titulo":"T\u00e9cnico diz que Inter briga pelo t\u00edtulo e opina sobre sucessor de Dorival na Sele\u00e7\u00e3o","link":"https:\/\/www.futebolinterior.com.br\/tecnico-diz-que-inter-briga-pelo-titulo-e-opina-sobre-sucessor-de-dorival-na-selecao\/","chapeu":"FAVORITO","data":"30\/03\/2025","imagem":"https:\/\/images.futebolinterior.com.br\/2025\/03\/54417742322_f614d62b7d_o-300x200.jpg","resumo":"Roger Machado tamb\u00e9m foi questionado sobre a escolha do substituto de Dorival J\u00fanior"},"2255284":{"titulo":"Red Bull Bragantino x Cear\u00e1 - Massa Bruta quer um Brasileiro diferente de 2024","link":"https:\/\/www.futebolinterior.com.br\/red-bull-bragantino-x-ceara-massa-bruta-quer-um-brasileiro-diferente-de-2024\/","chapeu":"RETOMADA","data":"30\/03\/2025","imagem":"https:\/\/images.futebolinterior.com.br\/2025\/03\/54416085376_d3b9ed0b17_o-300x232.jpg","resumo":"O Cear\u00e1 \u00e9 o atual bicampe\u00e3o cearense e volta com moral \u00e0 elite nacional"},"2255259":{"titulo":"Caiu o primeiro t\u00e9cnico no Brasileir\u00e3o 2025. Veja aqui!","link":"https:\/\/www.futebolinterior.com.br\/caiu-o-primeiro-tecnico-no-brasileirao-2025-veja-aqui\/","chapeu":"UMA PIADA","data":"30\/03\/2025","imagem":"https:\/\/images.futebolinterior.com.br\/2025\/03\/Mano-Menezs-Marcelo-Goncalves-FluminenseFC-300x176.jpg","resumo":"A diretoria j\u00e1 confirmou que Marc\u00e3o, auxiliar t\u00e9cnico permanente, vai dirigir o time diante do Once Caldas, na pr\u00f3xima ter\u00e7a-feira, pela Sul-Americana"}}