{"2262362":{"titulo":"L\u00e9o Cond\u00e9 v\u00ea Cear\u00e1 sentir desfalques: \"Jogadores foram se desgastando\"","link":"https:\/\/www.futebolinterior.com.br\/leo-conde-ceara-sentir-desfalques\/","chapeu":"PROBLEMAS","data":"12\/04\/2025","imagem":"https:\/\/images.futebolinterior.com.br\/2025\/04\/leo-conde-avalia-ceara-juventude-300x200.jpeg","resumo":"Cear\u00e1 conheceu sua primeira derrota no Brasileir\u00e3o, com pe\u00e7as importantes ao elenco sendo problema para treinador"},"2262602":{"titulo":"Vasco 3 x 1 Sport - Vegetti faz dois e Cruzmaltino volta a vencer no BR","link":"https:\/\/www.futebolinterior.com.br\/vasco-3-x-1-sport-brasileirao\/","chapeu":"MANDOU BEM","data":"12\/04\/2025","imagem":"https:\/\/images.futebolinterior.com.br\/2025\/04\/54448124363_be805823aa_c-300x200.jpg","resumo":"O Vasco, que vinha embalado por uma vit\u00f3ria em cima do Puerto Cabello, da Venezuela, por 1 a 0, na Sul-Americana, est\u00e1 no pelot\u00e3o dos l\u00edderes do Brasileir\u00e3o com seis pontos"},"2262316":{"titulo":"BRASILEIR\u00c3O: Palmeiras lidera, com Vasco e Juventude na cola; veja classifica\u00e7\u00e3o","link":"https:\/\/www.futebolinterior.com.br\/brasileirao-palmeiras-lidera-com-vasco-e-juventude-na-cola-veja-classificacao\/","chapeu":"VEJA AQUI!","data":"12\/04\/2025","imagem":"https:\/\/images.futebolinterior.com.br\/2025\/04\/54446997937_28ac7509ea_c-300x169.jpg","resumo":"O Placar Ao Vivo do Portal Futebol Interior acompanha todos os jogos do Brasileir\u00e3o"},"2262560":{"titulo":"Renato Paiva aponta erros t\u00e9cnicos e v\u00ea postura inaceit\u00e1vel na derrota do Botafogo","link":"https:\/\/www.futebolinterior.com.br\/renato-paiva-erros-tecnicos-botafogo\/","chapeu":"FOI RUIM","data":"12\/04\/2025","imagem":"https:\/\/images.futebolinterior.com.br\/2025\/04\/Vasco-5-300x168.jpg","resumo":"O treinador do Botafogo tamb\u00e9m se mostrou incomodado com a postura do time no lance que originou o gol da vit\u00f3ria do Bragantino"},"2262580":{"titulo":"Romero lamenta derrota para o Palmeiras e destaca necessidade de evolu\u00e7\u00e3o do Corinthians","link":"https:\/\/www.futebolinterior.com.br\/romero-lamenta-derrota-para-o-palmeiras-e-destaca-necessidade-de-evolucao-do-corinthians\/","chapeu":"N\u00c3O DEU!","data":"12\/04\/2025","imagem":"https:\/\/images.futebolinterior.com.br\/2025\/04\/imagem_2025-04-12_214719431-300x211.png","resumo":"O atacante \u00c1ngel Romero reconheceu a superioridade do rival no cl\u00e1ssico e destacou a necessidade de evolu\u00e7\u00e3o do Corinthians"},"2262310":{"titulo":"Palmeiras 2 x 0 Corinthians - Vale revanche no Brasileir\u00e3o?","link":"https:\/\/www.futebolinterior.com.br\/palmeiras-2-x-0-corinthians-vale-revanche-no-brasileirao\/","chapeu":"FEITO!","data":"12\/04\/2025","imagem":"https:\/\/images.futebolinterior.com.br\/2025\/04\/54447916213_fd3a51dba0_c-300x169.jpg","resumo":""},"2262452":{"titulo":"Lucas e Pablo Maia v\u00e3o a campo, mas seguem como desfalques do S\u00e3o Paulo contra o Cruzeiro","link":"https:\/\/www.futebolinterior.com.br\/lucas-e-pablo-maia-desfalques-sao-paulo\/","chapeu":"AINDA NADA","data":"12\/04\/2025","imagem":"https:\/\/images.futebolinterior.com.br\/2025\/04\/SP-300x247.png","resumo":"Lucas e Pablo Maia estiveram no campo pela primeira vez desde o in\u00edcio de suas recupera\u00e7\u00f5es no S\u00e3o Paulo"},"2262476":{"titulo":"Juventude 2 x 1 Cear\u00e1 - Virada garante os 100% em casa","link":"https:\/\/www.futebolinterior.com.br\/juventude-2-x-1-ceara-virada-garante-os-100-em-casa\/","chapeu":"VIRADA","data":"12\/04\/2025","imagem":"https:\/\/images.futebolinterior.com.br\/2025\/04\/Juventude-Fernando-Alves-ECJ-300x197.jpg","resumo":"Esta foi a segunda vit\u00f3ria o time jaconero, que na estreia tinha feito 2 a 0 em cima do Vit\u00f3ria. E foi sua s\u00e9tima vit\u00f3ria seguida em casa na temporada."},"2262405":{"titulo":"Red Bull Bragantino 1 x 0 Botafogo - Massa Bruta desencanta no Brasileir\u00e3o","link":"https:\/\/www.futebolinterior.com.br\/red-bull-bragantino-1-x-0-botafogo-massa-bruta-desencanta-no-brasileirao\/","chapeu":"PRA VALER!","data":"12\/04\/2025","imagem":"https:\/\/images.futebolinterior.com.br\/2025\/04\/Captura-de-Tela-2025-04-12-as-17.37.39-300x196.png","resumo":"Com a vit\u00f3ria, o Massa Bruta desencanta ap\u00f3s empate com Cear\u00e1 e derrota para o Fluminense "},"2262415":{"titulo":"Internacional renova com t\u00e9cnico Roger Machado at\u00e9 2026","link":"https:\/\/www.futebolinterior.com.br\/internacional-renova-com-tecnico-roger-machado-ate-2026\/","chapeu":"PROJETO","data":"12\/04\/2025","imagem":"https:\/\/images.futebolinterior.com.br\/2025\/04\/Roger-machado-Internacional-300x163.jpg","resumo":"Com uma campanha s\u00f3lida, que inclui o t\u00edtulo invicto do Ga\u00facho de 2025 e uma sequ\u00eancia de 16 partidas de invencibilidade na atual temporada."}}