{"2263306":{"titulo":"Bahia se reapresenta nesta ter\u00e7a ap\u00f3s empate frustrante","link":"https:\/\/www.futebolinterior.com.br\/bahia-se-reapresenta-nesta-terca\/","chapeu":"BRONCA","data":"14\/04\/2025","imagem":"https:\/\/images.futebolinterior.com.br\/2025\/04\/54452106588_340463d13d_c-300x200.jpg","resumo":"O elenco do Bahia teve folga nesta segunda-feira (14) e se reapresenta na ter\u00e7a-feira\n"},"2263266":{"titulo":"Arboleda faz corrida no CT do S\u00e3o Paulo, mas n\u00e3o deve enfrentar Botafogo","link":"https:\/\/www.futebolinterior.com.br\/arboleda-faz-corrida-no-ct-do-sao-paulo-mas-nao-deve-enfrentar-botafogo\/","chapeu":"FORA!","data":"14\/04\/2025","imagem":"https:\/\/images.futebolinterior.com.br\/2025\/04\/arboleda-300x169.jpeg","resumo":"A boa not\u00edcia para Zubeld\u00eda \u00e9 que o artilheiro Calleri - vive m\u00e1 fase na temporada - est\u00e1 \u00e0 disposi\u00e7\u00e3o ap\u00f3s cumprir puni\u00e7\u00e3o diante do Cruzeiro"},"2263296":{"titulo":"Vit\u00f3ria mostra evolu\u00e7\u00e3o contra o Atl\u00e9tico-MG e ganha confian\u00e7a","link":"https:\/\/www.futebolinterior.com.br\/vitoria-mostra-evolucao\/","chapeu":"DESAFIOS","data":"14\/04\/2025","imagem":"https:\/\/images.futebolinterior.com.br\/2025\/04\/54439672310_ab1fea234a_c-300x200.jpg","resumo":"Diante do Fortaleza, no Barrad\u00e3o, o Rubro-Negro contar\u00e1 com o retorno do t\u00e9cnico Thiago Carpini"},"2263104":{"titulo":"Treinador do Fortaleza critica empate em casa: \"Sabor amargo\"","link":"https:\/\/www.futebolinterior.com.br\/treinador-fortaleza-critica-empate\/","chapeu":"DECEP\u00c7\u00c3O","data":"14\/04\/2025","imagem":"https:\/\/images.futebolinterior.com.br\/2025\/04\/vojvoda-lamenta-empate-fortaleza-brasileirao-300x220.jpg","resumo":"Fortaleza at\u00e9 tem conseguido evoluir durante a temporada, por\u00e9m resultado n\u00e3o deixa comandante tricolor satisfeito"},"2263183":{"titulo":"Como foi o retorno de Neymar aos gramados do Brasileir\u00e3o em Fluminense x Santos","link":"https:\/\/www.futebolinterior.com.br\/como-foi-o-retorno-de-neymar-aos-gramados-do-brasileirao-em-fluminense-x-santos\/","chapeu":"VEJA!","data":"14\/04\/2025","imagem":"https:\/\/images.futebolinterior.com.br\/2025\/04\/Captura-de-Tela-2025-04-14-as-15.06.58-300x254.png","resumo":"O camisa 10 teve 73% de precis\u00e3o nos passes e foi o respons\u00e1vel pela \u00fanica finaliza\u00e7\u00e3o a gol do Santos no jogo, defendida por F\u00e1bio."},"2263188":{"titulo":"Santos demite Pedro Caixinha ap\u00f3s nova derrota no Brasileir\u00e3o","link":"https:\/\/www.futebolinterior.com.br\/santos-demite-pedro-caixinha-brasileiro\/","chapeu":"CAIU","data":"14\/04\/2025","imagem":"https:\/\/images.futebolinterior.com.br\/2025\/04\/image-201-300x220.png","resumo":"Contratado em dezembro de 2024, Pedro Caixinha veio do Red Bull Bragantino para assumir um Santos em reconstru\u00e7\u00e3o depois de um ano na segunda divis\u00e3o"},"2263077":{"titulo":"Cear\u00e1 volta a improvisar contra o Vasco; veja prov\u00e1vel","link":"https:\/\/www.futebolinterior.com.br\/ceara-improvisar-vasco-veja-provavel\/","chapeu":"ESBO\u00c7ADO","data":"14\/04\/2025","imagem":"https:\/\/images.futebolinterior.com.br\/2025\/04\/willian-machado-improvisado-lateral-ceara-300x169.jpg","resumo":"Cear\u00e1 tem problemas em alguns setores por ordem m\u00e9dica, mas dever\u00e1 manter base que foi a campo no \u00faltimo duelo"},"2263129":{"titulo":"Corinthians: caso Vai de Bet entra em semana decisiva, com depoimento de dirigentes \u00e0 pol\u00edcia","link":"https:\/\/www.futebolinterior.com.br\/corinthians-caso-vai-de-bet-entra-em-semana-decisiva-com-depoimento-de-dirigentes-a-policia\/","chapeu":"SE LIGA!","data":"14\/04\/2025","imagem":"https:\/\/images.futebolinterior.com.br\/2025\/04\/corinthians-300x169.webp","resumo":"A Pol\u00edcia Civil agendou os depoimentos para 14, 15 e 16 de abril."},"2262668":{"titulo":"Sport tem baixas e d\u00favidas contra Red Bull Bragantino","link":"https:\/\/www.futebolinterior.com.br\/sport-baixas-duvidas-bragantino\/","chapeu":"PROBLEMAS","data":"14\/04\/2025","imagem":"https:\/\/images.futebolinterior.com.br\/2025\/04\/pablo-duvida-sport-300x200.jpg","resumo":"Sport n\u00e3o contar\u00e1 com jogadores por for\u00e7a contratual, j\u00e1 outros esperam a libera\u00e7\u00e3o do departamento m\u00e9dico"},"2263132":{"titulo":"S\u00e3o Paulo soma 8 jogos sem vencer e inicia Brasileir\u00e3o com um gol e perto da zona da degola","link":"https:\/\/www.futebolinterior.com.br\/sao-paulo-soma-8-jogos-sem-vencer-e-inicia-brasileirao-com-um-gol-e-perto-da-zona-da-degola\/","chapeu":"QUE FASE!","data":"14\/04\/2025","imagem":"https:\/\/images.futebolinterior.com.br\/2025\/04\/sao-paulo-300x211.jpeg","resumo":"Desde novembro de 2024, contra o Athletico-PR, o S\u00e3o Paulo n\u00e3o vence pelo Brasileir\u00e3o"}}