{"2270091":{"titulo":"Abel promete melhorar 'pontaria' do Palmeiras","link":"https:\/\/www.futebolinterior.com.br\/abel-cobra-apos-derrota-do-palmeiras\/","chapeu":"N\u00c3O GOSTOU","data":"27\/04\/2025","imagem":"https:\/\/images.futebolinterior.com.br\/2025\/04\/image-445-300x157.png","resumo":"Ele promete calibrar seus atacantes e n\u00e3o v\u00ea problemas em ter quatro atletas de frente juntos, como o time terminou a partida"},"2270047":{"titulo":"Paulinho lamenta derrota do Palmeiras para o Bahia: 'Faltou aten\u00e7\u00e3o'","link":"https:\/\/www.futebolinterior.com.br\/paulinho-lamenta-derrota-do-palmeiras\/","chapeu":"TROPE\u00c7O","data":"27\/04\/2025","imagem":"https:\/\/images.futebolinterior.com.br\/2025\/04\/Paulinho-lamenta-derrota-do-palmeiras-para-o-bahia-300x169.jpg","resumo":"O resultado tirou o Palmeiras da lideran\u00e7a do Brasileiro e acabou com a s\u00e9rie vitoriosa de sete jogos"},"2270080":{"titulo":"Vasco demite F\u00e1bio Carille ap\u00f3s nova derrota no Brasileir\u00e3o","link":"https:\/\/www.futebolinterior.com.br\/vasco-demite-fabio-carille\/","chapeu":"BOMBA!","data":"27\/04\/2025","imagem":"https:\/\/images.futebolinterior.com.br\/2025\/04\/Vasco-demite-Fabio-Carille-300x165.jpg","resumo":"O Vasco confirmou, atrav\u00e9s de nota oficial, a demiss\u00e3o do comandante"},"2270008":{"titulo":"Filipe Lu\u00eds confirma 1 mudan\u00e7a no Flamengo para a Copa do Brasil","link":"https:\/\/www.futebolinterior.com.br\/filipe-luis-confirma-mudanca-flamengo\/","chapeu":"FALOU E DISSE ","data":"27\/04\/2025","imagem":"https:\/\/images.futebolinterior.com.br\/2025\/04\/image-443-300x265.png","resumo":"Sobre a goleada sobre o Corinthians, Filipe Lu\u00eds disse que o resultado n\u00e3o pode enganar e \u00e9 preciso seguir evoluindo"},"2269981":{"titulo":"Interino revela papo com Dorival e prev\u00ea recupera\u00e7\u00e3o do Corinthians","link":"https:\/\/www.futebolinterior.com.br\/interino-revela-papo-com-dorival-e-preve-recuperacao-do-corinthians\/","chapeu":"CONVERSAS","data":"27\/04\/2025","imagem":"https:\/\/images.futebolinterior.com.br\/2025\/04\/Screenshot_49-1-300x196.jpg","resumo":"Orlando Ribeiro revelou que conversou com Dorival J\u00fanior, que estava no Maracan\u00e3, no jogo do Corinthians"},"2269994":{"titulo":"Presidente da SAF do Cruzeiro indica dispensa de Dudu ap\u00f3s pol\u00eamica","link":"https:\/\/www.futebolinterior.com.br\/presidente-do-cruzeiro-indica-dispensa-de-dudu\/","chapeu":"DE SA\u00cdDA?","data":"27\/04\/2025","imagem":"https:\/\/images.futebolinterior.com.br\/2025\/04\/Presidente-indica-saida-de-Dudu-do-Cruzeiro-300x176.jpg","resumo":"O dirigente do Cruzeiro fez um gesto com as m\u00e3os para torcedores que indica a sa\u00edda do atleta"},"2269862":{"titulo":"Palmeiras 0 x 1 Bahia - Verd\u00e3o perde no fim e freia sequ\u00eancia invicta","link":"https:\/\/www.futebolinterior.com.br\/palmeiras-0-x-1-bahia-brasileirao\/","chapeu":"AMARGO!","data":"27\/04\/2025","imagem":"https:\/\/images.futebolinterior.com.br\/2025\/04\/Bahia-bate-Palmeiras-no-Brasileirao-300x200.jpg","resumo":"O Bahia foi quem leu melhor a partida ao se defender de um Palmeiras que mais empilhou atacantes do que buscou criatividade"},"2269984":{"titulo":"Vit\u00f3ria 1 x 1 Gr\u00eamio - Tricolor sai na frente, mas empata na reestreia de Mano no Brasileir\u00e3o","link":"https:\/\/www.futebolinterior.com.br\/vitoria-1-x-1-gremio-brasileirao-2\/","chapeu":"VISH","data":"27\/04\/2025","imagem":"https:\/\/images.futebolinterior.com.br\/2025\/04\/54474350559_8acc513034_c-300x200.jpg","resumo":"Gr\u00eamio empata com Vit\u00f3ria na reestreia de Mano Menezes no Brasileir\u00e3o"},"2269853":{"titulo":"Cruzeiro 1 x 0 Vasco - C\u00e1ssio brilha e Cabuloso entra no G4","link":"https:\/\/www.futebolinterior.com.br\/cruzeiro-1-x-0-vasco-brasileirao\/","chapeu":"MILAGROSO","data":"27\/04\/2025","imagem":"https:\/\/images.futebolinterior.com.br\/2025\/04\/Cruzeiro-bate-Vasco-no-Brasileirao-300x200.jpg","resumo":"A vit\u00f3ria levou o Cruzeiro a 10 pontos e \u00e0 quarta coloca\u00e7\u00e3o da tabela do Brasileir\u00e3o"},"2269956":{"titulo":"CBF divulga \u00e1udio do VAR de lance pol\u00eamico em Fortaleza x Sport","link":"https:\/\/www.futebolinterior.com.br\/cbf-divulga-audio-do-var-de-lance-polemico-em-fortaleza-x-sport\/","chapeu":"DIVULGOU","data":"27\/04\/2025","imagem":"https:\/\/images.futebolinterior.com.br\/2025\/04\/fortaleza-sport-300x164.webp","resumo":"O jogo entre Sport e Fortaleza terminou 0 a 0 em raz\u00e3o tamb\u00e9m de um lance no qual o gol do time cearense foi mal anulado"}}