{"2385920":{"titulo":"S\u00e3o Paulo observa recupera\u00e7\u00e3o de Lucas ap\u00f3s sequ\u00eancia com dores","link":"https:\/\/www.futebolinterior.com.br\/sao-paulo-lucas-moura\/","chapeu":"LES\u00c3O","data":"21\/11\/2025","imagem":"https:\/\/images.futebolinterior.com.br\/2025\/11\/Lucas-Moura-SP-300x169.webp","resumo":"Lucas Moura, do S\u00e3o Paulo, atravessa um per\u00edodo de desgaste f\u00edsico"},"2385757":{"titulo":"Bahia x Vasco - Cruzmaltino tenta recupera\u00e7\u00e3o contra Tricolor abalado","link":"https:\/\/www.futebolinterior.com.br\/bahia-x-vasco-brasileirao\/","chapeu":"APERTOU","data":"21\/11\/2025","imagem":"https:\/\/images.futebolinterior.com.br\/2025\/11\/Vasco-e-Bahia-se-enfrentam-no-Brasileirao-300x200.webp","resumo":"O Vasco chega a Salvador vivendo seu pior momento na temporada recente e v\u00ea o Z4 se aproximar"},"2385844":{"titulo":"No Vit\u00f3ria, Jair Ventura avalia cen\u00e1rios ap\u00f3s suspens\u00e3o de Willian Oliveira","link":"https:\/\/www.futebolinterior.com.br\/no-vitoria-jair-ventura\/","chapeu":"MUDAN\u00c7AS","data":"21\/11\/2025","imagem":"https:\/\/images.futebolinterior.com.br\/2025\/11\/Willian-Oliveira-300x200.webp","resumo":"O Vit\u00f3ria ter\u00e1 uma mudan\u00e7a obrigat\u00f3ria no meio-campo para enfrentar o Sport"},"2385831":{"titulo":"CBF e Pacto Contra a Fome lan\u00e7am a\u00e7\u00e3o contra desperd\u00edcio nos est\u00e1dios","link":"https:\/\/www.futebolinterior.com.br\/cbf-e-pacto-contra-a-fome\/","chapeu":"BRASILEIR\u00c3O","data":"21\/11\/2025","imagem":"https:\/\/images.futebolinterior.com.br\/2025\/11\/SaveClip.App_464785682_122148756626313490_1323213705347575419_n-300x200.webp","resumo":"A iniciativa inclui a exibi\u00e7\u00e3o do Desperdi\u00e7\u00f4metro nas placas de LED ao redor dos gramados"},"2385683":{"titulo":"BRASILEIR\u00c3O: S\u00e1bado de decis\u00f5es com Botafogo, Fla e Palmeiras em campo","link":"https:\/\/www.futebolinterior.com.br\/brasileirao-sabado-de-decisoes-com-botafogo-fla-e-palmeiras-em-campo\/","chapeu":"RODADA","data":"21\/11\/2025","imagem":"https:\/\/images.futebolinterior.com.br\/2025\/11\/IMG_5952-300x129.webp","resumo":""},"2385615":{"titulo":"S\u00e3o Paulo se mant\u00e9m \u00e0 frente do Corinthians por quinto crit\u00e9rio de desempate","link":"https:\/\/www.futebolinterior.com.br\/sao-paulo-se-mantem-a-frente-do-corinthians\/","chapeu":"ENTENDA","data":"21\/11\/2025","imagem":"https:\/\/images.futebolinterior.com.br\/2025\/11\/Sao-Paulo-se-mantem-a-frente-do-Corinthians-no-Brasieirao-300x216.webp","resumo":"O S\u00e3o Paulo acumula seis cart\u00f5es vermelhos no Campeonato Brasileiro, enquanto o Corinthians tem oito expuls\u00f5es"},"2385660":{"titulo":"Vit\u00f3ria do Corinthians acirra briga pelo G-7; veja cen\u00e1rio da disputa","link":"https:\/\/www.futebolinterior.com.br\/vitoria-corinthians-acirra-g7-brasileir\/","chapeu":"PEGANDO FOGO","data":"21\/11\/2025","imagem":"https:\/\/images.futebolinterior.com.br\/2025\/11\/SH9zbZUf-image-300x228.webp","resumo":"O Bahia ocupa o \u00faltimo lugar que garante vaga na pr\u00f3xima Copa Libertadores da Am\u00e9rica, com 53 pontos. O time do t\u00e9cnico Rog\u00e9rio Ceni, por\u00e9m, foi derrotado "},"2385663":{"titulo":"Botafogo x Gr\u00eamio: onde assistir, hor\u00e1rio e escala\u00e7\u00f5es!","link":"https:\/\/www.futebolinterior.com.br\/botafogo-x-gremio-onde-assistir-horario-e-escalacoes\/","chapeu":"JOG\u00c3O ","data":"21\/11\/2025","imagem":"https:\/\/images.futebolinterior.com.br\/2025\/11\/IMG_5949-300x135.webp","resumo":""},"2385469":{"titulo":"Crespo elogia o S\u00e3o Paulo e quer 'jogadores com sa\u00fade'","link":"https:\/\/www.futebolinterior.com.br\/crespo-elogia-o-sao-paulo-e-quer-jogadores-com-saude\/","chapeu":"SA\u00daDE","data":"21\/11\/2025","imagem":"https:\/\/images.futebolinterior.com.br\/2025\/11\/Memphis-Corinthians-Reinaldo-Calcade-300x151.webp","resumo":"Hern\u00e1n Crespo fez quest\u00e3o de valorizar o empenho do elenco do S\u00e3o Paulo, que contou com uma extensa lista de desfalques para o cl\u00e1ssico"},"2385448":{"titulo":"PLACAR FI: Com Palmeiras campe\u00e3o, confira os RESULTADOS desta QUINTA-FEIRA","link":"https:\/\/www.futebolinterior.com.br\/confira-o-placar-fi-desta-quinta-feira-8\/","chapeu":"FERIADOU!","data":"20\/11\/2025","imagem":"https:\/\/images.futebolinterior.com.br\/2025\/11\/image-300x124.webp","resumo":"Claro, o\u00a0Placar ao Vivo do Portal Futebol Interior\u00a0acompanhou todos os jogos e traz para voc\u00ea a lista com todos os resultados.\u00a0Confira!"}}