{"2387183":{"titulo":"Vojvoda assume culpa no Santos e garante volta de Neymar","link":"https:\/\/www.futebolinterior.com.br\/vojvoda-assume-culpa-no-santos-e-garante-volta-de-neymar\/","chapeu":"MEA CULPA","data":"25\/11\/2025","imagem":"https:\/\/images.futebolinterior.com.br\/2025\/11\/Santos-Beira-Rio-300x177.webp","resumo":"\"O primeiro tempo foi ruim, o respons\u00e1vel sou eu. Sou o m\u00e1ximo respons\u00e1vel porque tomo as decis\u00f5es\", afirmou o t\u00e9cnico santista."},"2387151":{"titulo":"SAFs no Brasil: 36,4% dos torcedores a favor, diz pesquisa","link":"https:\/\/www.futebolinterior.com.br\/safs-no-brasil-364-dos-torcedores-a-favor-diz-pesquisa\/","chapeu":"AS SAFS","data":"25\/11\/2025","imagem":"https:\/\/images.futebolinterior.com.br\/2025\/11\/fluminense-torcida-FFC-300x159.webp","resumo":"36,5% responderam que \"n\u00e3o sabe se apoia ou n\u00e3o\" o modelo de gest\u00e3o, enquanto 27,1% disseram que s\u00e3o contra a ado\u00e7\u00e3o das SAFs no Brasil"},"2387172":{"titulo":"Willian Machado destaca li\u00e7\u00f5es em in\u00edcio ruim do Cear\u00e1 e pede apoio para reta final","link":"https:\/\/www.futebolinterior.com.br\/willian-machado-destaca-licoes-em-inicio-ruim-do-ceara-e-pede-apoio-para-reta-final\/","chapeu":"FOCO!","data":"24\/11\/2025","imagem":"https:\/\/images.futebolinterior.com.br\/2025\/11\/Willian-Machado-300x200.webp","resumo":"O Cear\u00e1 enfrenta o Cruzeiro no s\u00e1bado, em duelo decisivo para aliviar o risco de queda."},"2387166":{"titulo":"Vit\u00e3o lamenta chances perdidas e cobra rea\u00e7\u00e3o no Inter ap\u00f3s empate com Santos","link":"https:\/\/www.futebolinterior.com.br\/vitao-lamenta-chances-perdidas-e-cobra-reacao-coletiva-no-inter-apos-empate-com-o-santos\/","chapeu":"DIF\u00cdCIL!","data":"24\/11\/2025","imagem":"https:\/\/images.futebolinterior.com.br\/2025\/11\/Captura-de-Tela-2025-11-24-as-23.15.10-300x195.webp","resumo":"Com 41 pontos, o Inter segue pressionado e encara uma sequ\u00eancia complicada nas \u00faltimas rodadas"},"2387155":{"titulo":"Reinaldo manda recado a rivais da Libertadores: \"No Mai\u00e3o \u00e9 dif\u00edcil tirar pontos do Mirassol\"","link":"https:\/\/www.futebolinterior.com.br\/reinaldo-manda-recado-a-rivais-da-libertadores-no-maiao-e-dificil-tirar-pontos-do-mirassol\/","chapeu":"SEGURA!","data":"24\/11\/2025","imagem":"https:\/\/images.futebolinterior.com.br\/2025\/11\/Captura-de-Tela-2025-11-24-as-23.11.35-300x192.webp","resumo":"O time volta a campo no s\u00e1bado, \u00e0s 16h, para enfrentar o Vit\u00f3ria no Barrad\u00e3o"},"2387091":{"titulo":"Com meio campo gringo, confira a SELE\u00c7\u00c3O FI da 35\u00aa rodada do Brasileir\u00e3o!","link":"https:\/\/www.futebolinterior.com.br\/com-meio-campo-gringo-confira-a-selecao-fi-da-35a-rodada-do-brasileirao\/","chapeu":"QUE TIME!","data":"24\/11\/2025","imagem":"https:\/\/images.futebolinterior.com.br\/2025\/11\/WhatsApp-Image-2025-11-24-at-20.31.30-300x200.webp","resumo":"Escolhida pelo time do Portal Futebol Interior, chegou a hora de voc\u00ea torcedor conferir os destaques da 35\u00aa rodada do Campeonato Brasileiro. "},"2387113":{"titulo":"BRASILEIR\u00c3O: Mirassol segue invicto no Mai\u00e3o; Peixe e Inter empatam duelo direto","link":"https:\/\/www.futebolinterior.com.br\/brasileirao-mirassol-segue-invicto-no-maiao-e-santos-busca-o-empate-contra-o-inter-mas-volta-ao-z4\/","chapeu":"SEGUNDOU!","data":"24\/11\/2025","imagem":"https:\/\/images.futebolinterior.com.br\/2025\/11\/WhatsApp-Image-2025-11-24-at-19.36.40-300x240.webp","resumo":"O PLACAR FI acompanha todos os jogos do Brasileir\u00e3o"},"2387135":{"titulo":"Internacional 1 x 1 Santos - Peixe busca o empate em duelo direto, mas volta ao Z4 da S\u00e9rie A","link":"https:\/\/www.futebolinterior.com.br\/internacional-1-x-1-santos-peixe-busca-o-empate-em-duelo-direto-mas-volta-ao-z4-da-serie-a\/","chapeu":"TUDO IGUAL","data":"24\/11\/2025","imagem":"https:\/\/images.futebolinterior.com.br\/2025\/11\/54945306370_f56e95276c_o-300x200.webp","resumo":"Rendimento na etapa complementar alimenta esperan\u00e7a em uma reta final que favorece o Santos mais do que seus advers\u00e1rios diretos."},"2387142":{"titulo":"Conselheiros do Corinthians adiam vota\u00e7\u00e3o de reforma do estatuto que pode dar voto ao torcedor","link":"https:\/\/www.futebolinterior.com.br\/conselheiros-corinthians-adiam-votacao\/","chapeu":"EITA","data":"24\/11\/2025","imagem":"https:\/\/images.futebolinterior.com.br\/2025\/11\/Corinthians-300x158.webp","resumo":"Conselheiros do Corinthians adiam vota\u00e7\u00e3o de reforma do estatuto que pode dar voto ao torcedor"},"2387121":{"titulo":"Ferreirinha tem les\u00e3o confirmada e vira d\u00favida no S\u00e3o Paulo para o jogo contra o Fluminense","link":"https:\/\/www.futebolinterior.com.br\/ferreirinha-lesao-confirmada-sao-paulo\/","chapeu":"PUTZ","data":"24\/11\/2025","imagem":"https:\/\/images.futebolinterior.com.br\/2025\/11\/Screenshot-2025-11-24-at-22-43-55-7-Ferreirinha-\u2013-Buscar-_-X-300x196.webp","resumo":"Segundo o S\u00e3o Paulo, a les\u00e3o do atacante foi confirmada em exame de imagem"}}