{"2388192":{"titulo":"Guanaes renova com Mirassol e mira 2026 desafiador","link":"https:\/\/www.futebolinterior.com.br\/guanaes-mirassol-mira-2026-desafiador\/","chapeu":"ANO DESAFIADOR","data":"27\/11\/2025","imagem":"https:\/\/images.futebolinterior.com.br\/2025\/11\/Guanaes-projeta-2026-desafiador-no-Mirassol-300x170.webp","resumo":"Guanaes faz quest\u00e3o de refor\u00e7ar que o foco imediato do Mirassol permanece no Brasileir\u00e3o"},"2388174":{"titulo":"\"Pr\u00edncipe do Futsal\", Leozinho se destaca no acesso do Athletico-PR","link":"https:\/\/www.futebolinterior.com.br\/leozinho-se-destaca-acesso-athletico-pr\/","chapeu":"NAS GRA\u00c7AS!","data":"27\/11\/2025","imagem":"https:\/\/images.futebolinterior.com.br\/2025\/11\/Leozinho-se-destaca-no-acesso-do-Athletico-PR-300x181.webp","resumo":"Contratado pelo Athletico no in\u00edcio de 2025, o jogador vive sua temporada mais expressiva nos gramados"},"2388173":{"titulo":"Yuri Rom\u00e3o renuncia \u00e0 presid\u00eancia do Sport","link":"https:\/\/www.futebolinterior.com.br\/yuri-romao-renuncia-presidencia-sport\/","chapeu":"OFICIAL","data":"27\/11\/2025","imagem":"https:\/\/images.futebolinterior.com.br\/2025\/11\/1_54533121854_fefe57f3cd_k-798137-300x200.webp","resumo":"O presidente Yuri Rom\u00e3o deu um ponto final em seu mandato a frente do Sport. O dirigente protocolou, no in\u00edcio da tarde desta quinta-feira, uma carta de ren\u00fancia junto ao Conselho Deliberativo"},"2388108":{"titulo":"Mancini lamenta chances perdidas pelo Bragantino e projeta reta final","link":"https:\/\/www.futebolinterior.com.br\/mancini-lamenta-chances-perdidas-bragantino\/","chapeu":"VAI RECUPERAR?","data":"27\/11\/2025","imagem":"https:\/\/images.futebolinterior.com.br\/2025\/11\/Mancini-lamenta-chances-perdidas-pelo-Bragantino-300x185.webp","resumo":"Segundo Mancini, o time teve controle das a\u00e7\u00f5es, criou boas oportunidades e conseguiu impor seu ritmo, mas pecou no momento decisivo"},"2388062":{"titulo":"S\u00e3o Paulo e Fluminense se enfrentam na disputa por vaga na vaga da Libertadores","link":"https:\/\/www.futebolinterior.com.br\/sao-paulo-e-fluminense-brasileirao\/","chapeu":"PROMETE","data":"27\/11\/2025","imagem":"https:\/\/images.futebolinterior.com.br\/2025\/11\/Screenshot-2025-11-27-at-09-59-33-img_6886-1229x1536.jpg-imagem-JPEG-1229-\u00d7-1536-pixels-Redimensionada-62-300x266.webp","resumo":"S\u00e3o Paulo e Fluminense se enfrentam na disputa por vaga na vaga da Libertadores"},"2388057":{"titulo":"Abel Ferreira 'jogou a toalha' antes da hora do Palmeiras","link":"https:\/\/www.futebolinterior.com.br\/abel-ferreira-jogou-a-toalha-antes-da-hora-do-palmeiras\/","chapeu":"BLOG DO ARI","data":"27\/11\/2025","imagem":"https:\/\/images.futebolinterior.com.br\/2025\/11\/Abel-Ferreira-Cesar-Greco-SEP-1-300x180.webp","resumo":"Se antes do jogo contra o Gr\u00eamio o Palmeiras estava quatro pontos atr\u00e1s do Flamengo, o racioc\u00ednio l\u00f3gico seria a possibilidade de encostar em caso de vit\u00f3ria."},"2388033":{"titulo":"PLACAR FI: Com Brasileir\u00e3o, confira os RESULTADOS desta QUARTA-FEIRA","link":"https:\/\/www.futebolinterior.com.br\/confira-o-placar-fi-desta-quarta-feira-14\/","chapeu":"COMPLET\u00c3O","data":"26\/11\/2025","imagem":"https:\/\/images.futebolinterior.com.br\/2025\/11\/mizbrcQt-image-300x233.webp","resumo":"Claro, o\u00a0Placar ao Vivo do Portal Futebol Interior\u00a0acompanhou todos os jogos e traz para voc\u00ea a lista com todos os resultados.\u00a0Confira!"},"2388009":{"titulo":"St\u00e1bile rebate cr\u00edticas e \"cutuca\" Leila Pereira: 'Deixem o Corinthians em paz'","link":"https:\/\/www.futebolinterior.com.br\/stabile-rebate-criticas-e-cutuca-leila-pereira-deixem-o-corinthians-em-paz\/","chapeu":"XIII","data":"26\/11\/2025","imagem":"https:\/\/images.futebolinterior.com.br\/2025\/11\/Screenshot_396-300x165.webp","resumo":"\"Quero dizer aos presidentes que ficam criticando o Corinthians que eles cuidem dos clubes deles\""},"2388004":{"titulo":"Bareiro exalta entrega do Fortaleza ap\u00f3s vit\u00f3ria sobre o Bragantino","link":"https:\/\/www.futebolinterior.com.br\/bareiro-exalta-fortaleza\/","chapeu":"RESPIRANDO","data":"26\/11\/2025","imagem":"https:\/\/images.futebolinterior.com.br\/2025\/11\/Fortaleza-elenco-300x200.webp","resumo":"O atacante Bareiro destacou o sentimento do elenco do Fortaleza ap\u00f3s a vit\u00f3ria"},"2387980":{"titulo":"Neymar participa de treino no Santos em meio a suspense sobre sua condi\u00e7\u00e3o f\u00edsica","link":"https:\/\/www.futebolinterior.com.br\/neymar-participa-de-treino\/","chapeu":"RECUPERADO?","data":"26\/11\/2025","imagem":"https:\/\/images.futebolinterior.com.br\/2025\/11\/neymar_treino_santos--300x169.webp","resumo":" Neymar apareceu em um v\u00eddeo do Santos publicado nesta quarta-feira nas redes sociais"}}