{"2418881":{"titulo":"Goleiro brilha em estreia no Guarani e celebra vit\u00f3ria no D\u00e9rbi 213","link":"https:\/\/www.futebolinterior.com.br\/goleiro-brilha-estreia-no-guarani-derbi\/","chapeu":"HER\u00d3I IMPROV\u00c1VEL","data":"03\/02\/2026","imagem":"https:\/\/images.futebolinterior.com.br\/2026\/02\/55072476041-2961bf805b-k-300x200.avif","resumo":"A estreia de Mateus Claus com a camisa do Guarani foi marcada por uma hist\u00f3rica de muita emo\u00e7\u00e3o e supera\u00e7\u00e3o."},"2418863":{"titulo":"Guarani faz melhor in\u00edcio de Paulist\u00e3o desde retorno \u00e0 elite","link":"https:\/\/www.futebolinterior.com.br\/guarani-melhor-inicio-de-paulistao-2026\/","chapeu":"EM ALTA","data":"03\/02\/2026","imagem":"https:\/\/images.futebolinterior.com.br\/2026\/02\/55072666398_e20bb38b31_c-300x200.webp","resumo":"No s\u00e1bado (9), \u00e0s 18h30, o Guarani recebe o Botafogo-SP, no Brinco de Ouro. Uma vit\u00f3ria basta para cravar a classifica\u00e7\u00e3o \u00e0s quartas de final."},"2418193":{"titulo":"Confira todas as fornecedoras esportivas dos clubes paulistas em 2026","link":"https:\/\/www.futebolinterior.com.br\/fornecedoras-clubes-futebol-paulista\/","chapeu":"COMPLETO","data":"03\/02\/2026","imagem":"https:\/\/images.futebolinterior.com.br\/2026\/02\/VmmWK6Rh-image-300x198.webp","resumo":"A presen\u00e7a em cerca de 25% das equipes paulistas coloca a Junpe em posi\u00e7\u00e3o de destaque absoluto entre as fornecedoras que atuam no Campeonato Paulista em 2026"},"2418840":{"titulo":"Ponte Preta amarga o pior in\u00edcio de temporada da hist\u00f3ria","link":"https:\/\/www.futebolinterior.com.br\/ponte-preta-pior-temporada-da-historia\/","chapeu":"TR\u00c1GICO","data":"03\/02\/2026","imagem":"https:\/\/images.futebolinterior.com.br\/2026\/02\/55070946513-f2874a9590-k-300x200.avif","resumo":"O rendimento desastroso deixa a Ponte Preta praticamente rebaixada no Paulist\u00e3o. Na lanterna, o clube est\u00e1 cinco pontos atr\u00e1s do Santos, primeiro fora da zona."},"2418695":{"titulo":"Ca\u00edque assume erro, exalta rea\u00e7\u00e3o do Guarani e agradece apoio ap\u00f3s expuls\u00e3o no d\u00e9rbi","link":"https:\/\/www.futebolinterior.com.br\/caique-assume-erro-exalta-reacao-do-guarani-e-agradece-apoio-apos-expulsao-no-derbi\/","chapeu":"ESCAPOU!","data":"03\/02\/2026","imagem":"https:\/\/images.futebolinterior.com.br\/2026\/02\/Captura-de-Tela-2026-02-03-as-07.57.58-300x208.webp","resumo":"O goleiro foi expulso no d\u00e9rbi, mas o Bugre conseguiu superar a Ponte Preta com um jogador a menos "},"2418574":{"titulo":"Empres\u00e1rio cita obst\u00e1culos para o S\u00e3o Paulo se tornar SAF: 'Falta humildade'","link":"https:\/\/www.futebolinterior.com.br\/empresario-cita-obstaculos-para-o-sao-paulo-se-tornar-saf-falta-humildade\/","chapeu":"CONFLITOS","data":"02\/02\/2026","imagem":"https:\/\/images.futebolinterior.com.br\/2026\/02\/Screenshot_585-300x215.webp","resumo":"\"Primeiro tem conflito de gera\u00e7\u00f5es grandes, falta um pouco de humildade pras pessoas que est\u00e3o hoje no conselho do clube\""},"2418597":{"titulo":"Red Bull Bragantino empresta Nacho Laquintana ao Huesca, da Espanha","link":"https:\/\/www.futebolinterior.com.br\/red-bull-empresta-la-quintana-huesca\/","chapeu":"DE SA\u00cdDA","data":"02\/02\/2026","imagem":"https:\/\/images.futebolinterior.com.br\/2026\/02\/image-300x206.webp","resumo":"Ao longo de sua passagem por Bragan\u00e7a Paulista, Laquintana tamb\u00e9m se destacou pelas convoca\u00e7\u00f5es para a Sele\u00e7\u00e3o Uruguaia na \u00faltima temporada"},"2418373":{"titulo":"Corinthians garante perman\u00eancia de Bidon ap\u00f3s t\u00edtulo da Supercopa","link":"https:\/\/www.futebolinterior.com.br\/corinthians-segura-bidon-vitoria-flamengo-supercopa-rei\/","chapeu":"DESTAQUE","data":"02\/02\/2026","imagem":"https:\/\/images.futebolinterior.com.br\/2026\/02\/Bidon-Corinthians-2026-300x171.webp","resumo":"Breno Bidon brilha na vit\u00f3ria do Corinthians sobre o Flamengo, mas clube pretende segur\u00e1-lo at\u00e9 a janela europeia."},"2418496":{"titulo":"Palmeiras rescinde contrato com a Fictor ap\u00f3s grupo pedir recupera\u00e7\u00e3o judicial","link":"https:\/\/www.futebolinterior.com.br\/palmeiras-rescinde-contrato-com-a-fictor-apos-grupo-pedir-recuperacao-judicial\/","chapeu":"CALOTE","data":"02\/02\/2026","imagem":"https:\/\/images.futebolinterior.com.br\/2026\/02\/Fictor-300x169.webp","resumo":"Depois de pedir recupera\u00e7\u00e3o judicial, Palmeiras rescinde contrato com a Fictor, patrocinadora do clube"},"2418533":{"titulo":"Guanaes valoriza postura do Mirassol diante do Novorizontino","link":"https:\/\/www.futebolinterior.com.br\/guanaes-valoriza-postura\/","chapeu":"RECONHECEU","data":"02\/02\/2026","imagem":"https:\/\/images.futebolinterior.com.br\/2026\/02\/Guanaes-Mirassol-300x169.webp","resumo":"\nT\u00e9cnico destaca volume ofensivo e esp\u00edrito competitivo da equipe no cl\u00e1ssico regional"}}