{"2461199":{"titulo":"Cl\u00e1ssico em Paul\u00ednia marca estreia do Paul\u00ednia FU na Segundona","link":"https:\/\/www.futebolinterior.com.br\/paulinia-fu-se-prepara-segundona\/","chapeu":"VAI PEGAR FOGO","data":"17\/04\/2026","imagem":"https:\/\/images.futebolinterior.com.br\/2026\/04\/62OyTS5I-image-300x201.webp","resumo":"O duelo est\u00e1 marcado para o pr\u00f3ximo domingo, dia 19 de abril, \u00e0s 15h, no Est\u00e1dio Luiz Perissinotto, que tem capacidade para 10 mil torcedores. O mascote do PFU \u00e9 o Dino Paulino"},"2461189":{"titulo":"Segundona: Mau\u00e1 vem confiante em busca do acesso em 2026","link":"https:\/\/www.futebolinterior.com.br\/maua-se-prepara-para-segundona\/","chapeu":"VAI COME\u00c7AR","data":"17\/04\/2026","imagem":"https:\/\/images.futebolinterior.com.br\/2026\/04\/zFAfTywT-image-300x208.webp","resumo":"No ano passado, a equipe chegou muito perto do acesso \u00e0 S\u00e9rie A4, parando apenas nas semifinais diante do Uni\u00e3o Suzano, ap\u00f3s dois empates por 1 a 1"},"2461179":{"titulo":"Depois de \u201cbater na trave\u201d, Independente traz treinador portugu\u00eas para a Segundona","link":"https:\/\/www.futebolinterior.com.br\/independente-limeira-na-segundona\/","chapeu":"REFOR\u00c7O","data":"17\/04\/2026","imagem":"https:\/\/images.futebolinterior.com.br\/2026\/04\/image-300x183.webp","resumo":"Natural de Lisboa, o treinador comandou equipes como o CD Belas, em Portugal, e, no Brasil, acumula passagens por Maring\u00e1, Varginha, Val\u00e9rio Doce e Tr\u00eas Cora\u00e7\u00f5es"},"2461128":{"titulo":"Matonense retorna ao futebol paulista e mira acesso no ano do cinquenten\u00e1rio","link":"https:\/\/www.futebolinterior.com.br\/matonense-se-prepara-segundona\/","chapeu":"HIST\u00d3RIA","data":"17\/04\/2026","imagem":"https:\/\/images.futebolinterior.com.br\/2026\/04\/image-300x243.webp","resumo":"O presidente da Matonense, Luiz Augusto da Silva, o Luiz\u00e3o, demonstrou otimismo com a montagem do elenco para esta temporada de retorno"},"2461034":{"titulo":"Santa F\u00e9 retorna ao futebol profissional ap\u00f3s 32 anos e estreia na Segundona","link":"https:\/\/www.futebolinterior.com.br\/santa-fe-volta-segundona-32-anos\/","chapeu":"O RETORNO","data":"17\/04\/2026","imagem":"https:\/\/images.futebolinterior.com.br\/2026\/04\/image-300x139.webp","resumo":"O clube estava desativado do futebol profissional desde 1995, tendo disputado sua \u00faltima competi\u00e7\u00e3o oficial em 1994. Ap\u00f3s ser refundado em julho de 2021, o time retorna agora"},"2461030":{"titulo":"SEGUNDONA: Santa F\u00e9 e Riopretano d\u00e3o in\u00edcio nesta sexta-feira","link":"https:\/\/www.futebolinterior.com.br\/santa-fe-encara-riopretano-segundona\/","chapeu":"VAI COME\u00c7AR","data":"17\/04\/2026","imagem":"https:\/\/images.futebolinterior.com.br\/2026\/04\/kFImppGc-image-300x197.webp","resumo":"O elenco iniciou os preparativos em mar\u00e7o, mesclando atletas do Sub-20 que disputaram a Ta\u00e7a S\u00e3o Paulo com refor\u00e7os vindos de Minas Gerais e Goi\u00e1s"},"2460704":{"titulo":"Mau\u00e1 x Manthiqueira: \u00cdndio do ABC quer largar forte na Segundona","link":"https:\/\/www.futebolinterior.com.br\/maua-x-manthiqueira-indio-do-abc-quer-largar-forte-na-segundona\/","chapeu":"PR\u00c9-JOGO","data":"16\/04\/2026","imagem":"https:\/\/images.futebolinterior.com.br\/2026\/04\/IMG_1911-300x161.webp","resumo":""},"2460673":{"titulo":"Santacruzense x Catanduvense - Locomotiva est\u00e1 pronta para a estreia","link":"https:\/\/www.futebolinterior.com.br\/santacruzense-x-catanduvense-locomotiva-esta-pronta-para-a-estreia\/","chapeu":"SEGUNDONA","data":"16\/04\/2026","imagem":"https:\/\/images.futebolinterior.com.br\/2025\/06\/Screenshot_683-300x108.webp","resumo":"As equipes estreiam no domingo (19), \u00e0s 10h, no Est\u00e1dio Municipal Le\u00f4nidas Camarinha, em Santa Cruz do Rio Pardo"},"2460664":{"titulo":"S\u00e3o Carlos x Mogi Mirim - Com jovens e veteranos, Sap\u00e3o estreia fora de casa","link":"https:\/\/www.futebolinterior.com.br\/sao-carlos-x-mogi-mirim-com-jovens-e-veteranos-sapao-estreia-fora-de-casa\/","chapeu":"SEGUNDONA","data":"16\/04\/2026","imagem":"https:\/\/images.futebolinterior.com.br\/2026\/02\/Mogi-Mirim-volta-ao-futebol-profissional-1-300x169.webp","resumo":"Segundo a presid\u00eancia, os dois \u00faltimos anos serviram para fazer ajustes na estrutura administrativa, al\u00e9m de melhorar a j\u00e1 boa estrutura f\u00edsica do clube"},"2460609":{"titulo":"Prepara\u00e7\u00e3o do SC Paulinense na mira do primeiro jogo na Segundona","link":"https:\/\/www.futebolinterior.com.br\/preparacao-paulinense-jogo-segundona\/","chapeu":"ESTREIA ","data":"16\/04\/2026","imagem":"https:\/\/images.futebolinterior.com.br\/2026\/04\/r56RHSuL-image-300x152.webp","resumo":" A expectativa \u00e9 de uma equipe organizada, competitiva e com personalidade em campo, em busca de um resultado s\u00f3lido para largar bem na competi\u00e7\u00e3o."}}