{"2515260":{"titulo":"Vasco x Olimpia-PAR - Onde assistir, arbitragem e escala\u00e7\u00f5es","link":"https:\/\/www.futebolinterior.com.br\/vasco-x-olimpia-onde-assistir-arbitragem-e-escalacoes\/","chapeu":"JOG\u00c3O","data":"12\/08\/2026","imagem":"https:\/\/images.futebolinterior.com.br\/2026\/07\/VASCO-300x146.webp","resumo":"Saiba como chegam Vasco e Olimpia para o primeiro jogo das oitavas de final da Copa Sul-Americana"},"2515282":{"titulo":"SUL-AMERICANA: Trio de brasileiros encaram duelos de ida nas oitavas","link":"https:\/\/www.futebolinterior.com.br\/sul-americana-trio-de-brasileiros-encaram-duelos-de-ida-nas-oitavas\/","chapeu":"RODADA","data":"12\/08\/2026","imagem":"https:\/\/images.futebolinterior.com.br\/2026\/08\/IMG_6901-300x210.webp","resumo":""},"2515126":{"titulo":"Arboleda desabafa sobre sumi\u00e7o e pede apoio da torcida do S\u00e3o Paulo","link":"https:\/\/www.futebolinterior.com.br\/arboleda-pede-apoio-torcida-sao-paulo\/","chapeu":"EXPLICOU!","data":"12\/08\/2026","imagem":"https:\/\/images.futebolinterior.com.br\/2026\/08\/arboleda-sao-paulo-rubens-chiri-300x209.webp","resumo":"O zagueiro voltou aos treinos do S\u00e3o Paulo no final de junho, ap\u00f3s ser perdoado pela diretoria e pelo t\u00e9cnico Dorival J\u00fanior"},"2515070":{"titulo":"Boca Juniors d\u00e1 pontap\u00e9 inicial nos dois tempos na Argentina","link":"https:\/\/www.futebolinterior.com.br\/boca-juniors-pontape-inicial-2-tempos\/","chapeu":"QUE ERRO!","data":"12\/08\/2026","imagem":"https:\/\/images.futebolinterior.com.br\/2026\/08\/Boca-Juniors-300x192.webp","resumo":"O experiente \u00e1rbitro chileno Piero Maza se confundiu e disse que a bola era dos mandantes. Os jogadores ficaram quietos."},"2515117":{"titulo":"Dorival aponta atua\u00e7\u00e3o 'confi\u00e1vel' do S\u00e3o Paulo em La Paz","link":"https:\/\/www.futebolinterior.com.br\/dorival-aponta-atuacao-confiavel-do-sao-paulo-em-la-paz\/","chapeu":"CONFI\u00c1VEL","data":"12\/08\/2026","imagem":"https:\/\/images.futebolinterior.com.br\/2026\/08\/bolivar-sao-paulo-copa-sul-americana-300x200.webp","resumo":"Dorival J\u00fanior aponta atua\u00e7\u00e3o 'confi\u00e1vel' do S\u00e3o Paulo em La Paz e confia na classifica\u00e7\u00e3o no MorumBis paa quartas da Libertadores."},"2514942":{"titulo":"PLACAR FI: Com Libertadores, confira os RESULTADOS desta TER\u00c7A-FEIRA","link":"https:\/\/www.futebolinterior.com.br\/confira-o-placar-fi-desta-terca-feira-25\/","chapeu":"COMPLET\u00c3O","data":"11\/08\/2026","imagem":"https:\/\/images.futebolinterior.com.br\/2026\/08\/WhatsApp-Image-2026-08-11-at-21.26.14-300x200.webp","resumo":"Claro, o Placar ao Vivo do\u00a0Portal Futebol Interior\u00a0acompanhou todos os jogos e traz para voc\u00ea a lista com todos os resultados. Confira!"},"2515036":{"titulo":"Bol\u00edvar-BOL 1 x 1 S\u00e3o Paulo - Empate \u00e9 lucro em La Paz!","link":"https:\/\/www.futebolinterior.com.br\/bolivar-bol-1-x-1-sao-paulo-empate-e-lucro-em-la-paz\/","chapeu":"SEGUROU","data":"11\/08\/2026","imagem":"https:\/\/images.futebolinterior.com.br\/2026\/08\/Sao-Paulo-Arboleda-300x240.webp","resumo":"O S\u00e3o Paulo encarou a altitude de La Paz, na Bol\u00edvia, e arrancou empate por 1 a 1 com o Bol\u00edvar-BOL, na noite desta ter\u00e7a-feira (11)"},"2514886":{"titulo":"COPA SUL-AMERICANA: S\u00e3o Paulo inicia oitavas com empate","link":"https:\/\/www.futebolinterior.com.br\/copa-sul-americana-sao-paulo-empate\/","chapeu":"QUASE L\u00c1","data":"11\/08\/2026","imagem":"https:\/\/images.futebolinterior.com.br\/2026\/08\/bolivar-sao-paulo-copa-sul-americana-300x200.webp","resumo":"Copa Sul-Americana faz a abertura das oitavas de final com dois jogos, sendo um destes o da equipe s\u00e3o-paulina"},"2514982":{"titulo":"\u00d4nibus que levaria S\u00e3o Paulo a jogo \u00e9 apreendido com 86 kg de maconha","link":"https:\/\/www.futebolinterior.com.br\/onibus-que-levaria-sao-paulo-a-jogo-e-apreendido-com-86-kg-de-maconha\/","chapeu":"BIZARRO","data":"11\/08\/2026","imagem":"https:\/\/images.futebolinterior.com.br\/2026\/08\/Onibus-Sao-Paulo-259x300.webp","resumo":"O ve\u00edculo terceirizado que levaria a delega\u00e7\u00e3o do Tricolor a La Paz foi apreendido com a droga entre Cochabamba e Santa Cruz de la Sierra"},"2514839":{"titulo":"Red Bull Bragantino x Atl\u00e9tico-MG - Onde assistir, arbitragem e escala\u00e7\u00f5es","link":"https:\/\/www.futebolinterior.com.br\/red-bull-bragantino-x-atletico-mg-onde-assistir-arbitragem-e-escalacoes\/","chapeu":"JOG\u00c3O!","data":"11\/08\/2026","imagem":"https:\/\/images.futebolinterior.com.br\/2026\/08\/Red-Bull-Bragantino-x-Atletico-MG-04-02-2026-300x199.webp","resumo":"Red Bull Bragantino e Atl\u00e9tico-MG duelam nesta quarta-feira, \u00e0s 19h, no C\u00edcero de Souza Marques"}}