{"2309392":{"titulo":"Capital-DF precisa de campanha perfeita para seguir na S\u00e9rie D","link":"https:\/\/www.futebolinterior.com.br\/capital-df-campanha-perfeita\/","chapeu":"DRAMA","data":"09\/07\/2025","imagem":"https:\/\/images.futebolinterior.com.br\/2025\/07\/Capital-DF-300x203.webp","resumo":"O Capital entra na reta final da primeira fase da S\u00e9rie D do Campeonato Brasileiro\n"},"2309300":{"titulo":"CBF altera hor\u00e1rio de Am\u00e9rica-RN x Central-PE pela S\u00e9rie D","link":"https:\/\/www.futebolinterior.com.br\/cbf-altera-horario-america\/","chapeu":"MUDAN\u00c7A","data":"09\/07\/2025","imagem":"https:\/\/images.futebolinterior.com.br\/2025\/07\/Torcida-America-RN-300x200.webp","resumo":"A partida entre Am\u00e9rica e Central de Caruaru, v\u00e1lida pela 12\u00aa rodada da S\u00e9rie D "},"2309241":{"titulo":"Parnahyba encerra v\u00ednculo com goleiro S\u00e9rgio Santos","link":"https:\/\/www.futebolinterior.com.br\/parnahyba-encerra-vinculo-goleiro\/","chapeu":"LIVRE","data":"09\/07\/2025","imagem":"https:\/\/images.futebolinterior.com.br\/2025\/07\/Sergio-Santos-300x200.webp","resumo":"S\u00e9rgio Santos n\u00e3o faz mais parte do grupo de jogadores do Parnahyba"},"2309198":{"titulo":"Maring\u00e1 libera dois meio campistas que retornam ao Monte Azul","link":"https:\/\/www.futebolinterior.com.br\/maringa-libera-dois-meio-campistas-que-retornam-ao-monte-azul\/","chapeu":"SA\u00cdDAS","data":"09\/07\/2025","imagem":"https:\/\/images.futebolinterior.com.br\/2025\/07\/WhatsApp-Image-2025-07-09-at-17.56.38-300x200.webp","resumo":"Os dois atletas jogaram apenas tr\u00eas vezes pelo Maring\u00e1 na S\u00e9rie C, e com isso podem voltar a atuar na divis\u00e3o por outros clubes"},"2309185":{"titulo":"Sem espa\u00e7o na Portuguesa, volante busca novo clube","link":"https:\/\/www.futebolinterior.com.br\/sem-espaco-na-portuguesa\/","chapeu":"SA\u00cdDA?","data":"09\/07\/2025","imagem":"https:\/\/images.futebolinterior.com.br\/2025\/07\/Caninde-Portuguesa-300x199.webp","resumo":"O volante Paulinho Curu\u00e1 pode deixar a Portuguesa sem sequer ter atuado pela equipe"},"2309050":{"titulo":"S\u00e9rie D: \u00c1gua Santa contrata auxiliar t\u00e9cnico ex-Azuriz","link":"https:\/\/www.futebolinterior.com.br\/agua-santa-contrata-auxiliar-tecnico-2\/","chapeu":"NOVIDADE","data":"09\/07\/2025","imagem":"https:\/\/images.futebolinterior.com.br\/2025\/07\/q8Lr8mn5-image-300x230.webp","resumo":"Ap\u00f3s curtas passagens como auxiliar t\u00e9cnico no Brasil de Pelotas e Azuriz nesta temporada, o profissional chega ao Netuno para a disputa do restante do Brasileir\u00e3o S\u00e9rie D 2025"},"2309007":{"titulo":"Portuguesa cresce defensivamente na S\u00e9rie D","link":"https:\/\/www.futebolinterior.com.br\/portuguesa-boa-fase-na-serie-d\/","chapeu":"NINGU\u00c9M PASSA","data":"09\/07\/2025","imagem":"https:\/\/images.futebolinterior.com.br\/2025\/07\/n27yQAd7-image-300x206.webp","resumo":"Com apenas tr\u00eas rodadas restantes para o fim da primeira fase, a Portuguesa est\u00e1 pr\u00f3xima da classifica\u00e7\u00e3o para a pr\u00f3xima etapa da competi\u00e7\u00e3o"},"2308875":{"titulo":"Ap\u00f3s vit\u00f3ria, Renatinho Potiguar destaca postura do Manaus","link":"https:\/\/www.futebolinterior.com.br\/apos-vitoria-renatinho-potiguar-destaca-postura-do-manaus\/","chapeu":"SALDO","data":"09\/07\/2025","imagem":"https:\/\/images.futebolinterior.com.br\/2025\/07\/IMG_1914-300x168.webp","resumo":""},"2308865":{"titulo":"Marcos Paulo volta e refor\u00e7a o Tocantin\u00f3polis para duelo decisivo","link":"https:\/\/www.futebolinterior.com.br\/marcos-paulo-volta-e-reforca-o-tocantinopolis-para-duelo-decisivo\/","chapeu":"RETORNO","data":"09\/07\/2025","imagem":"https:\/\/images.futebolinterior.com.br\/2025\/07\/IMG_1913-300x171.webp","resumo":""},"2308856":{"titulo":"Dudu valoriza evolu\u00e7\u00e3o do Am\u00e9rica-RN na S\u00e9rie D","link":"https:\/\/www.futebolinterior.com.br\/dudu-valoriza-evolucao-do-america-rn-na-serie-d\/","chapeu":"DESTAQUE","data":"09\/07\/2025","imagem":"https:\/\/images.futebolinterior.com.br\/2025\/07\/IMG_1911-300x200.webp","resumo":""}}