{"2390871":{"titulo":"S\u00e3o Paulo sofre puni\u00e7\u00e3o da FIFA e faz acordo com Casemiro","link":"https:\/\/www.futebolinterior.com.br\/sao-paulo-sofre-punicao\/","chapeu":"D\u00cdVIDAS","data":"03\/12\/2025","imagem":"https:\/\/images.futebolinterior.com.br\/2025\/12\/estadio_morumbis-300x158.webp","resumo":"O S\u00e3o Paulo recebeu uma nova puni\u00e7\u00e3o da FIFA e est\u00e1 temporariamente impedido de registrar refor\u00e7os"},"2390792":{"titulo":"Cruzeiro x Botafogo - Onde assistir, arbitragem e escala\u00e7\u00f5es","link":"https:\/\/www.futebolinterior.com.br\/cruzeiro-x-botafogo-onde-assistir-jogo\/","chapeu":"CONFIRA!","data":"03\/12\/2025","imagem":"https:\/\/images.futebolinterior.com.br\/2025\/12\/54697574791_5324e81b1c_o-1024x683-1-300x200.webp","resumo":"Nesta quinta-feira (4), Cruzeiro e Botafogo se enfrentam no Mineir\u00e3o, em Belo Horizonte (MG), pela 37\u00aa rodada da S\u00e9rie A do Campeonato Brasileiro. A bola come\u00e7a a rolar \u00e0s 19h30."},"2390779":{"titulo":"Sport inicia etapa de pagamentos e avan\u00e7a na recupera\u00e7\u00e3o judicial","link":"https:\/\/www.futebolinterior.com.br\/sport-inicia-recuperacao-judicial\/","chapeu":"IMPORTANTE","data":"03\/12\/2025","imagem":"https:\/\/images.futebolinterior.com.br\/2025\/12\/S7k7etX3-image-300x176.webp","resumo":"O grupo de credores trabalhistas contemplados nesta etapa \u00e9 composto por funcion\u00e1rios, ex-funcion\u00e1rios e participantes da campanha de media\u00e7\u00e3o realizada no ano passado"},"2390813":{"titulo":"Sport vende Riquelme ao Botafogo por valor milion\u00e1rio","link":"https:\/\/www.futebolinterior.com.br\/sport-vende-riquelme\/","chapeu":"MERCADO","data":"03\/12\/2025","imagem":"https:\/\/images.futebolinterior.com.br\/2025\/12\/Riquelme-Sport-300x173.webp","resumo":"\nMontante ser\u00e1 utilizado para quitar integralmente o valor que o clube pernambucano ainda devia ao Alvinegro"},"2390651":{"titulo":"S\u00e3o Paulo e Corinthians brigam no Brasileir\u00e3o; entenda por que isso \u00e9 importante","link":"https:\/\/www.futebolinterior.com.br\/corinthians-sao-paulo-brigam-libertador\/","chapeu":"QUEM LEVA?","data":"03\/12\/2025","imagem":"https:\/\/images.futebolinterior.com.br\/2025\/12\/image-300x164.webp","resumo":"Tanto o S\u00e3o Paulo quanto o Corinthians j\u00e1 n\u00e3o alcan\u00e7am mais a pontua\u00e7\u00e3o das equipes que est\u00e3o na zona de classifica\u00e7\u00e3o para a Libertadores. O G-6 virou G-7"},"2390621":{"titulo":"Brasileir\u00e3o 2025: o que o Flamengo precisa fazer para conquistar o t\u00edtulo hoje?","link":"https:\/\/www.futebolinterior.com.br\/brasileirao-flamengo-campeao\/","chapeu":"CONTAS","data":"03\/12\/2025","imagem":"https:\/\/images.futebolinterior.com.br\/2025\/12\/EtbkyIul-Flamengo-300x158.webp","resumo":"Brasileir\u00e3o 2025: o que o Flamengo precisa fazer para conquistar o t\u00edtulo hoje?"},"2390612":{"titulo":"Raphael Veiga diz que Palmeiras voltar\u00e1 'ainda mais forte' ap\u00f3s vice da Libertadores","link":"https:\/\/www.futebolinterior.com.br\/raphael-veiga-palmeiras-mais-forte\/","chapeu":"COM TUDO","data":"03\/12\/2025","imagem":"https:\/\/images.futebolinterior.com.br\/2025\/12\/Veiga-300x180.webp","resumo":"Raphael Veiga diz que Palmeiras voltar\u00e1 'ainda mais forte' ap\u00f3s vice da Libertadores"},"2390597":{"titulo":"Torcedor que viralizou ao voltar do Castel\u00e3o de bicicleta ganha um ano de s\u00f3cio do Fortaleza","link":"https:\/\/www.futebolinterior.com.br\/fortaleza-presenteia-torcedor-socio\/","chapeu":"EMOCIONANTE","data":"03\/12\/2025","imagem":"https:\/\/images.futebolinterior.com.br\/2025\/12\/image-300x247.webp","resumo":"O v\u00eddeo ganhou destaque pela naturalidade do momento: um pai retornando para casa com as crian\u00e7as ap\u00f3s mais um dia de Fortaleza, refor\u00e7ando o peso das mem\u00f3rias afetivas"},"2390581":{"titulo":"Mirassol paga mais R$ 7,5 milh\u00f5es por vaga na Libertadores","link":"https:\/\/www.futebolinterior.com.br\/mirassol-paga-mais-r-75-milhoes-por-vaga-na-libertadores\/","chapeu":"BOLADA !","data":"03\/12\/2025","imagem":"https:\/\/images.futebolinterior.com.br\/2025\/12\/xCn6epL7-Mirassol-Carlos-Eduardo-gol-Pedro-Zacchi-300x184.webp","resumo":"O time paulista venceu por 2 a 0 o Vasco, nesta ter\u00e7a-feira \u00e0 noite, em S\u00e3o Janu\u00e1rio, pela 37\u00aa rodada. A sua despedida vai ser contra o Flamengo."},"2390536":{"titulo":"PLACAR FI: Com Brasileir\u00e3o, confira os RESULTADOS desta TER\u00c7A-FEIRA","link":"https:\/\/www.futebolinterior.com.br\/confira-o-placar-fi-desta-terca-feira-11\/","chapeu":"COMPLET\u00c3O ","data":"02\/12\/2025","imagem":"https:\/\/images.futebolinterior.com.br\/2025\/12\/image-300x138.webp","resumo":"Claro, o Placar ao Vivo do\u00a0Portal Futebol Interior\u00a0acompanhou todos os jogos e traz para voc\u00ea a lista com todos os resultados. Confira!"}}